{"id":607,"date":"2023-03-24T13:50:00","date_gmt":"2023-03-24T12:50:00","guid":{"rendered":"https:\/\/grand-ciel.com\/?p=607"},"modified":"2024-09-03T13:00:42","modified_gmt":"2024-09-03T11:00:42","slug":"reunion-pleniere-printemps-des-chapiteaux-2023","status":"publish","type":"post","link":"https:\/\/grand-ciel.com\/en\/2023-03-24-reunion-pleniere-printemps-des-chapiteaux-2023\/","title":{"rendered":"R\u00c9UNION PL\u00c9NIERE &#8211; PRINTEMPS DES CHAPITEAUX 2023"},"content":{"rendered":"\n<h2 class=\"wp-block-heading\">Retour sur la r\u00e9union pl\u00e9ni\u00e8re du r\u00e9seau autour de la prochaine \u00e9dition du Printemps des chapiteaux qui s&#8217;est tenue le 17 mars \u00e0 Transversales, Verdun !<\/h2>\n\n\n\n<p><strong>Les membres du r\u00e9seau se sont r\u00e9unis vendredi 17 mars \u00e0 Transversales, Verdun pour \u00e9changer sur les demandes de soutien \u00e0 la diffusion dans le cadre du Printemps des chapiteaux 2023.<\/strong><\/p>\n\n\n\n<p>Suite aux \u00e9changes et d\u00e9lib\u00e9rations qui se sont tenus lors de cette r\u00e9union pl\u00e9ni\u00e8re, et pour la&nbsp;dixi\u00e8me \u00e9dition du Printemps des chapiteaux, le r\u00e9seau &nbsp;Grand CIEL a souhait\u00e9 accompagner onze de ses adh\u00e9rents dans l\u2019accueil de propositions sous chapiteaux et dans l\u2019espace public, en co-finan\u00e7ant ces projets ambitieux.&nbsp;<\/p>\n\n\n\n<p>Le r\u00e9seau contribue ainsi \u00e0 la mutualisation des calendriers, des moyens financiers, techniques, humains ou encore des expertises. Il soutient notamment la mise en \u0153uvre de <strong>trois tourn\u00e9es partag\u00e9es<\/strong> par <strong>sept structures adh\u00e9rentes<\/strong>. La compagnie Rasposo, avec son spectacle<em> Oraison <\/em>sera ainsi accueillie en Grand Est pour une tourn\u00e9e de 8 dates, dans 3 villages de Meuse et des Vosges. Le Cirque Queer, pr\u00e9sentera sa toute premi\u00e8re cr\u00e9ation <em>Le Premier Artifice<\/em> aux habitants des territoires marnais, meusien et mosellan, \u00e0 travers une tourn\u00e9e de 8 dates, dans 4 villes et villages. Enfin, les \u00e9tudiants de la 34\u00e8me promotion du CNAC joueront 6 repr\u00e9sentations de <em>Balestra<\/em>, leur spectacle de fin d\u2019\u00e9tudes, \u00e0 Reims, puis \u00e0 Montigny-l\u00e8s-Metz.<\/p>\n\n\n\n<p>Le Printemps des chapiteaux, conjugue les deux grands th\u00e8mes de travail du r\u00e9seau &#8211; l\u2019accompagnement de la cr\u00e9ation et l\u2019aide \u00e0 la diffusion &#8211; et permet \u00e0 Grand CIEL de continuer \u00e0 accompagner des compagnies et des projets d\u00e9j\u00e0 &nbsp;soutenus au moment de leur cr\u00e9ation. Ainsi, cette ann\u00e9e, <strong>parmi les huit projets soutenus par le r\u00e9seau, quatre ont \u00e9t\u00e9 coproduits par Grand CIEL en 2021 et 2023<\/strong>.<\/p>\n\n\n\n<p>Cette ann\u00e9e, les habitants de notre r\u00e9gion pourront ainsi rencontrer <strong>8 propositions artistiques, \u00e0 l\u2019occasion de 37 repr\u00e9sentations organis\u00e9es dans 10 villes et villages du Grand Est<\/strong>. Le Printemps des chapiteau conserve ainsi son ambition de mettre en lumi\u00e8re la vigueur et la diversit\u00e9 du cirque, port\u00e9e par des \u00e9quipes artistiques qui font partie des r\u00e9f\u00e9rences nationales et internationales du cirque contemporain, mais aussi par des artistes encore au d\u00e9part de leur vie professionnelle.&nbsp;<\/p>\n\n\n\n<p>Les spectacles accompagn\u00e9s :&nbsp;<\/p>\n\n\n\n<ul class=\"wp-block-list\">\n<li><em>Oraison<\/em>, Rasposo<\/li>\n\n\n\n<li><em>Cirque Pi\u00e8tre<\/em> + <em>Cabaret Renvers\u00e9<\/em>, La Faux Populaire<\/li>\n\n\n\n<li><em>Balestra<\/em>, CNAC (34e promotion)<\/li>\n\n\n\n<li><em>Le Premier Artifice<\/em>, Cirque Queer<\/li>\n\n\n\n<li><em>Cha Cha Chabelita<\/em>, Vous Revoir<\/li>\n\n\n\n<li><em>Pandax<\/em>, Cirque La Compagnie<\/li>\n\n\n\n<li><em>Dans l&#8217;Espace<\/em>, Un Loup pour l&#8217;Homme<\/li>\n<\/ul>\n\n\n\n<p><strong>Pour sa dixi\u00e8me \u00e9dition du Printemps des chapiteaux, le r\u00e9seau Grand CIEL soutient ainsi une s\u00e9lection de spectacles d\u00e9finie en commun qui compl\u00e8te l\u2019offre r\u00e9gionale circassienne aujourd\u2019hui \u00e9toff\u00e9e, port\u00e9e et financ\u00e9e par les structures membres du r\u00e9seau notamment. Au total, cette saison, ce sont plus de 150 spectacles de cirque qui seront pr\u00e9sent\u00e9s en Grand Est, en salle, dans l\u2019espace public ou sous chapiteau !<\/strong><\/p>\n\n\n\n<p>***<\/p>\n\n\n\n<p>A l&#8217;issue de cette r\u00e9union pl\u00e9ni\u00e8re, un temps d&#8217;<strong>\u00e9changes artistiques<\/strong>&nbsp;a \u00e9t\u00e9 propos\u00e9 apr\u00e8s le d\u00e9jeuner. Chacune des personnes pr\u00e9sentes a pu partager ses&nbsp;<strong>rep\u00e9rages et &#8220;coups de c\u0153ur&#8221;<\/strong>&nbsp;parmi les spectacles de cirque actuellement&nbsp;<strong>en cr\u00e9ation ou en diffusion<\/strong>. Tous les dossiers artistiques et fiches techniques relatifs aux projets pr\u00e9sent\u00e9s sont mis \u00e0 disposition de l&#8217;ensemble des adh\u00e9rents sur un drive partag\u00e9.<\/p>\n\n\n\n<p>***<\/p>\n\n\n\n<p>Merci \u00e0 tous.tes les pr\u00e9sent.es lors de cette belle journ\u00e9e d&#8217;\u00e9changes ! Et merci \u00e0 Christian Mousseau-Fernandez et l&#8217;\u00e9quipe de Transversales pour leur accueil.<\/p>\n\n\n\n<p><strong>Nous vous donnons rendez-vous tr\u00e8s prochainement :<\/strong><\/p>\n\n\n\n<p>Le jeudi 25 mai, \u00e0 l&#8217;occasion de l&#8217;Assembl\u00e9e G\u00e9n\u00e9rale du r\u00e9seau \u00e0 Cirk&#8217;Eole, Montigny-l\u00e8s-Metz !<\/p>\n","protected":false},"excerpt":{"rendered":"<p>Retour sur la r\u00e9union pl\u00e9ni\u00e8re du r\u00e9seau autour de la prochaine \u00e9dition du Printemps des chapiteaux qui s&#8217;est tenue le 17 mars \u00e0 Transversales, Verdun ! Les membres du r\u00e9seau se sont r\u00e9unis vendredi 17 mars \u00e0 Transversales, Verdun pour \u00e9changer sur les demandes de soutien \u00e0 la diffusion dans le cadre du Printemps des [&hellip;]<\/p>\n","protected":false},"author":1,"featured_media":608,"comment_status":"closed","ping_status":"closed","sticky":false,"template":"","format":"standard","meta":{"_uag_custom_page_level_css":"","footnotes":""},"categories":[14],"tags":[],"class_list":["post-607","post","type-post","status-publish","format-standard","has-post-thumbnail","hentry","category-actualites"],"mb":[],"yoast_head":"<!-- This site is optimized with the Yoast SEO plugin v27.2 - https:\/\/yoast.com\/product\/yoast-seo-wordpress\/ -->\n<title>R\u00c9UNION PL\u00c9NIERE - PRINTEMPS DES CHAPITEAUX 2023 - Grand CIEL<\/title>\n<meta name=\"robots\" content=\"index, follow, max-snippet:-1, max-image-preview:large, max-video-preview:-1\" \/>\n<link rel=\"canonical\" href=\"https:\/\/grand-ciel.com\/2023-03-24-reunion-pleniere-printemps-des-chapiteaux-2023\/\" \/>\n<meta property=\"og:locale\" content=\"en_US\" \/>\n<meta property=\"og:type\" content=\"article\" \/>\n<meta property=\"og:title\" content=\"R\u00c9UNION PL\u00c9NIERE - PRINTEMPS DES CHAPITEAUX 2023 - Grand CIEL\" \/>\n<meta property=\"og:description\" content=\"Retour sur la r\u00e9union pl\u00e9ni\u00e8re du r\u00e9seau autour de la prochaine \u00e9dition du Printemps des chapiteaux qui s&#8217;est tenue le 17 mars \u00e0 Transversales, Verdun ! Les membres du r\u00e9seau se sont r\u00e9unis vendredi 17 mars \u00e0 Transversales, Verdun pour \u00e9changer sur les demandes de soutien \u00e0 la diffusion dans le cadre du Printemps des [&hellip;]\" \/>\n<meta property=\"og:url\" content=\"https:\/\/grand-ciel.com\/2023-03-24-reunion-pleniere-printemps-des-chapiteaux-2023\/\" \/>\n<meta property=\"og:site_name\" content=\"Grand CIEL\" \/>\n<meta property=\"article:publisher\" content=\"https:\/\/www.facebook.com\/grandcielcirque\" \/>\n<meta property=\"article:published_time\" content=\"2023-03-24T12:50:00+00:00\" \/>\n<meta property=\"article:modified_time\" content=\"2024-09-03T11:00:42+00:00\" \/>\n<meta property=\"og:image\" content=\"https:\/\/grand-ciel.com\/wp-content\/uploads\/2023\/05\/header-pleniere-LPDC_2023.jpg\" \/>\n\t<meta property=\"og:image:width\" content=\"960\" \/>\n\t<meta property=\"og:image:height\" content=\"460\" \/>\n\t<meta property=\"og:image:type\" content=\"image\/jpeg\" \/>\n<meta name=\"author\" content=\"admin-gciel-la\" \/>\n<meta name=\"twitter:card\" content=\"summary_large_image\" \/>\n<meta name=\"twitter:label1\" content=\"Written by\" \/>\n\t<meta name=\"twitter:data1\" content=\"admin-gciel-la\" \/>\n\t<meta name=\"twitter:label2\" content=\"Est. reading time\" \/>\n\t<meta name=\"twitter:data2\" content=\"3 minutes\" \/>\n<script type=\"application\/ld+json\" class=\"yoast-schema-graph\">{\"@context\":\"https:\/\/schema.org\",\"@graph\":[{\"@type\":\"Article\",\"@id\":\"https:\/\/grand-ciel.com\/2023-03-24-reunion-pleniere-printemps-des-chapiteaux-2023\/#article\",\"isPartOf\":{\"@id\":\"https:\/\/grand-ciel.com\/2023-03-24-reunion-pleniere-printemps-des-chapiteaux-2023\/\"},\"author\":{\"name\":\"admin-gciel-la\",\"@id\":\"https:\/\/grand-ciel.com\/#\/schema\/person\/32d02fd0e867821308f7c2c264e550ca\"},\"headline\":\"R\u00c9UNION PL\u00c9NIERE &#8211; PRINTEMPS DES CHAPITEAUX 2023\",\"datePublished\":\"2023-03-24T12:50:00+00:00\",\"dateModified\":\"2024-09-03T11:00:42+00:00\",\"mainEntityOfPage\":{\"@id\":\"https:\/\/grand-ciel.com\/2023-03-24-reunion-pleniere-printemps-des-chapiteaux-2023\/\"},\"wordCount\":652,\"publisher\":{\"@id\":\"https:\/\/grand-ciel.com\/#organization\"},\"image\":{\"@id\":\"https:\/\/grand-ciel.com\/2023-03-24-reunion-pleniere-printemps-des-chapiteaux-2023\/#primaryimage\"},\"thumbnailUrl\":\"https:\/\/grand-ciel.com\/wp-content\/uploads\/2023\/05\/header-pleniere-LPDC_2023.jpg\",\"articleSection\":[\"Actualit\u00e9s\"],\"inLanguage\":\"en-US\"},{\"@type\":\"WebPage\",\"@id\":\"https:\/\/grand-ciel.com\/2023-03-24-reunion-pleniere-printemps-des-chapiteaux-2023\/\",\"url\":\"https:\/\/grand-ciel.com\/2023-03-24-reunion-pleniere-printemps-des-chapiteaux-2023\/\",\"name\":\"R\u00c9UNION PL\u00c9NIERE - PRINTEMPS DES CHAPITEAUX 2023 - Grand CIEL\",\"isPartOf\":{\"@id\":\"https:\/\/grand-ciel.com\/#website\"},\"primaryImageOfPage\":{\"@id\":\"https:\/\/grand-ciel.com\/2023-03-24-reunion-pleniere-printemps-des-chapiteaux-2023\/#primaryimage\"},\"image\":{\"@id\":\"https:\/\/grand-ciel.com\/2023-03-24-reunion-pleniere-printemps-des-chapiteaux-2023\/#primaryimage\"},\"thumbnailUrl\":\"https:\/\/grand-ciel.com\/wp-content\/uploads\/2023\/05\/header-pleniere-LPDC_2023.jpg\",\"datePublished\":\"2023-03-24T12:50:00+00:00\",\"dateModified\":\"2024-09-03T11:00:42+00:00\",\"breadcrumb\":{\"@id\":\"https:\/\/grand-ciel.com\/2023-03-24-reunion-pleniere-printemps-des-chapiteaux-2023\/#breadcrumb\"},\"inLanguage\":\"en-US\",\"potentialAction\":[{\"@type\":\"ReadAction\",\"target\":[\"https:\/\/grand-ciel.com\/2023-03-24-reunion-pleniere-printemps-des-chapiteaux-2023\/\"]}]},{\"@type\":\"ImageObject\",\"inLanguage\":\"en-US\",\"@id\":\"https:\/\/grand-ciel.com\/2023-03-24-reunion-pleniere-printemps-des-chapiteaux-2023\/#primaryimage\",\"url\":\"https:\/\/grand-ciel.com\/wp-content\/uploads\/2023\/05\/header-pleniere-LPDC_2023.jpg\",\"contentUrl\":\"https:\/\/grand-ciel.com\/wp-content\/uploads\/2023\/05\/header-pleniere-LPDC_2023.jpg\",\"width\":960,\"height\":460},{\"@type\":\"BreadcrumbList\",\"@id\":\"https:\/\/grand-ciel.com\/2023-03-24-reunion-pleniere-printemps-des-chapiteaux-2023\/#breadcrumb\",\"itemListElement\":[{\"@type\":\"ListItem\",\"position\":1,\"name\":\"Accueil\",\"item\":\"https:\/\/grand-ciel.com\/en\/home\/\"},{\"@type\":\"ListItem\",\"position\":2,\"name\":\"R\u00c9UNION PL\u00c9NIERE &#8211; PRINTEMPS DES CHAPITEAUX 2023\"}]},{\"@type\":\"WebSite\",\"@id\":\"https:\/\/grand-ciel.com\/#website\",\"url\":\"https:\/\/grand-ciel.com\/\",\"name\":\"Grand CIEL\",\"description\":\"\",\"publisher\":{\"@id\":\"https:\/\/grand-ciel.com\/#organization\"},\"potentialAction\":[{\"@type\":\"SearchAction\",\"target\":{\"@type\":\"EntryPoint\",\"urlTemplate\":\"https:\/\/grand-ciel.com\/?s={search_term_string}\"},\"query-input\":{\"@type\":\"PropertyValueSpecification\",\"valueRequired\":true,\"valueName\":\"search_term_string\"}}],\"inLanguage\":\"en-US\"},{\"@type\":\"Organization\",\"@id\":\"https:\/\/grand-ciel.com\/#organization\",\"name\":\"Grand CIEL\",\"url\":\"https:\/\/grand-ciel.com\/\",\"logo\":{\"@type\":\"ImageObject\",\"inLanguage\":\"en-US\",\"@id\":\"https:\/\/grand-ciel.com\/#\/schema\/logo\/image\/\",\"url\":\"https:\/\/grand-ciel.com\/wp-content\/uploads\/2023\/05\/logo_Grand_Ciel_orange_fond_bleu_250.jpg\",\"contentUrl\":\"https:\/\/grand-ciel.com\/wp-content\/uploads\/2023\/05\/logo_Grand_Ciel_orange_fond_bleu_250.jpg\",\"width\":250,\"height\":148,\"caption\":\"Grand CIEL\"},\"image\":{\"@id\":\"https:\/\/grand-ciel.com\/#\/schema\/logo\/image\/\"},\"sameAs\":[\"https:\/\/www.facebook.com\/grandcielcirque\"]},{\"@type\":\"Person\",\"@id\":\"https:\/\/grand-ciel.com\/#\/schema\/person\/32d02fd0e867821308f7c2c264e550ca\",\"name\":\"admin-gciel-la\",\"sameAs\":[\"https:\/\/grand-ciel.com\"]}]}<\/script>\n<!-- \/ Yoast SEO plugin. -->","yoast_head_json":{"title":"R\u00c9UNION PL\u00c9NIERE - PRINTEMPS DES CHAPITEAUX 2023 - Grand CIEL","robots":{"index":"index","follow":"follow","max-snippet":"max-snippet:-1","max-image-preview":"max-image-preview:large","max-video-preview":"max-video-preview:-1"},"canonical":"https:\/\/grand-ciel.com\/2023-03-24-reunion-pleniere-printemps-des-chapiteaux-2023\/","og_locale":"en_US","og_type":"article","og_title":"R\u00c9UNION PL\u00c9NIERE - PRINTEMPS DES CHAPITEAUX 2023 - Grand CIEL","og_description":"Retour sur la r\u00e9union pl\u00e9ni\u00e8re du r\u00e9seau autour de la prochaine \u00e9dition du Printemps des chapiteaux qui s&#8217;est tenue le 17 mars \u00e0 Transversales, Verdun ! Les membres du r\u00e9seau se sont r\u00e9unis vendredi 17 mars \u00e0 Transversales, Verdun pour \u00e9changer sur les demandes de soutien \u00e0 la diffusion dans le cadre du Printemps des [&hellip;]","og_url":"https:\/\/grand-ciel.com\/2023-03-24-reunion-pleniere-printemps-des-chapiteaux-2023\/","og_site_name":"Grand CIEL","article_publisher":"https:\/\/www.facebook.com\/grandcielcirque","article_published_time":"2023-03-24T12:50:00+00:00","article_modified_time":"2024-09-03T11:00:42+00:00","og_image":[{"width":960,"height":460,"url":"https:\/\/grand-ciel.com\/wp-content\/uploads\/2023\/05\/header-pleniere-LPDC_2023.jpg","type":"image\/jpeg"}],"author":"admin-gciel-la","twitter_card":"summary_large_image","twitter_misc":{"Written by":"admin-gciel-la","Est. reading time":"3 minutes"},"schema":{"@context":"https:\/\/schema.org","@graph":[{"@type":"Article","@id":"https:\/\/grand-ciel.com\/2023-03-24-reunion-pleniere-printemps-des-chapiteaux-2023\/#article","isPartOf":{"@id":"https:\/\/grand-ciel.com\/2023-03-24-reunion-pleniere-printemps-des-chapiteaux-2023\/"},"author":{"name":"admin-gciel-la","@id":"https:\/\/grand-ciel.com\/#\/schema\/person\/32d02fd0e867821308f7c2c264e550ca"},"headline":"R\u00c9UNION PL\u00c9NIERE &#8211; PRINTEMPS DES CHAPITEAUX 2023","datePublished":"2023-03-24T12:50:00+00:00","dateModified":"2024-09-03T11:00:42+00:00","mainEntityOfPage":{"@id":"https:\/\/grand-ciel.com\/2023-03-24-reunion-pleniere-printemps-des-chapiteaux-2023\/"},"wordCount":652,"publisher":{"@id":"https:\/\/grand-ciel.com\/#organization"},"image":{"@id":"https:\/\/grand-ciel.com\/2023-03-24-reunion-pleniere-printemps-des-chapiteaux-2023\/#primaryimage"},"thumbnailUrl":"https:\/\/grand-ciel.com\/wp-content\/uploads\/2023\/05\/header-pleniere-LPDC_2023.jpg","articleSection":["Actualit\u00e9s"],"inLanguage":"en-US"},{"@type":"WebPage","@id":"https:\/\/grand-ciel.com\/2023-03-24-reunion-pleniere-printemps-des-chapiteaux-2023\/","url":"https:\/\/grand-ciel.com\/2023-03-24-reunion-pleniere-printemps-des-chapiteaux-2023\/","name":"R\u00c9UNION PL\u00c9NIERE - PRINTEMPS DES CHAPITEAUX 2023 - Grand CIEL","isPartOf":{"@id":"https:\/\/grand-ciel.com\/#website"},"primaryImageOfPage":{"@id":"https:\/\/grand-ciel.com\/2023-03-24-reunion-pleniere-printemps-des-chapiteaux-2023\/#primaryimage"},"image":{"@id":"https:\/\/grand-ciel.com\/2023-03-24-reunion-pleniere-printemps-des-chapiteaux-2023\/#primaryimage"},"thumbnailUrl":"https:\/\/grand-ciel.com\/wp-content\/uploads\/2023\/05\/header-pleniere-LPDC_2023.jpg","datePublished":"2023-03-24T12:50:00+00:00","dateModified":"2024-09-03T11:00:42+00:00","breadcrumb":{"@id":"https:\/\/grand-ciel.com\/2023-03-24-reunion-pleniere-printemps-des-chapiteaux-2023\/#breadcrumb"},"inLanguage":"en-US","potentialAction":[{"@type":"ReadAction","target":["https:\/\/grand-ciel.com\/2023-03-24-reunion-pleniere-printemps-des-chapiteaux-2023\/"]}]},{"@type":"ImageObject","inLanguage":"en-US","@id":"https:\/\/grand-ciel.com\/2023-03-24-reunion-pleniere-printemps-des-chapiteaux-2023\/#primaryimage","url":"https:\/\/grand-ciel.com\/wp-content\/uploads\/2023\/05\/header-pleniere-LPDC_2023.jpg","contentUrl":"https:\/\/grand-ciel.com\/wp-content\/uploads\/2023\/05\/header-pleniere-LPDC_2023.jpg","width":960,"height":460},{"@type":"BreadcrumbList","@id":"https:\/\/grand-ciel.com\/2023-03-24-reunion-pleniere-printemps-des-chapiteaux-2023\/#breadcrumb","itemListElement":[{"@type":"ListItem","position":1,"name":"Accueil","item":"https:\/\/grand-ciel.com\/en\/home\/"},{"@type":"ListItem","position":2,"name":"R\u00c9UNION PL\u00c9NIERE &#8211; PRINTEMPS DES CHAPITEAUX 2023"}]},{"@type":"WebSite","@id":"https:\/\/grand-ciel.com\/#website","url":"https:\/\/grand-ciel.com\/","name":"Grand CIEL","description":"","publisher":{"@id":"https:\/\/grand-ciel.com\/#organization"},"potentialAction":[{"@type":"SearchAction","target":{"@type":"EntryPoint","urlTemplate":"https:\/\/grand-ciel.com\/?s={search_term_string}"},"query-input":{"@type":"PropertyValueSpecification","valueRequired":true,"valueName":"search_term_string"}}],"inLanguage":"en-US"},{"@type":"Organization","@id":"https:\/\/grand-ciel.com\/#organization","name":"Grand CIEL","url":"https:\/\/grand-ciel.com\/","logo":{"@type":"ImageObject","inLanguage":"en-US","@id":"https:\/\/grand-ciel.com\/#\/schema\/logo\/image\/","url":"https:\/\/grand-ciel.com\/wp-content\/uploads\/2023\/05\/logo_Grand_Ciel_orange_fond_bleu_250.jpg","contentUrl":"https:\/\/grand-ciel.com\/wp-content\/uploads\/2023\/05\/logo_Grand_Ciel_orange_fond_bleu_250.jpg","width":250,"height":148,"caption":"Grand CIEL"},"image":{"@id":"https:\/\/grand-ciel.com\/#\/schema\/logo\/image\/"},"sameAs":["https:\/\/www.facebook.com\/grandcielcirque"]},{"@type":"Person","@id":"https:\/\/grand-ciel.com\/#\/schema\/person\/32d02fd0e867821308f7c2c264e550ca","name":"admin-gciel-la","sameAs":["https:\/\/grand-ciel.com"]}]}},"uagb_featured_image_src":{"full":["https:\/\/grand-ciel.com\/wp-content\/uploads\/2023\/05\/header-pleniere-LPDC_2023.jpg",960,460,false],"thumbnail":["https:\/\/grand-ciel.com\/wp-content\/uploads\/2023\/05\/header-pleniere-LPDC_2023-150x150.jpg",150,150,true],"medium":["https:\/\/grand-ciel.com\/wp-content\/uploads\/2023\/05\/header-pleniere-LPDC_2023-480x230.jpg",480,230,true],"medium_large":["https:\/\/grand-ciel.com\/wp-content\/uploads\/2023\/05\/header-pleniere-LPDC_2023-768x368.jpg",768,368,true],"large":["https:\/\/grand-ciel.com\/wp-content\/uploads\/2023\/05\/header-pleniere-LPDC_2023.jpg",960,460,false],"gs-tiny":["https:\/\/grand-ciel.com\/wp-content\/uploads\/2023\/05\/header-pleniere-LPDC_2023.jpg",50,24,false],"xl":["https:\/\/grand-ciel.com\/wp-content\/uploads\/2023\/05\/header-pleniere-LPDC_2023.jpg",960,460,false],"xxl":["https:\/\/grand-ciel.com\/wp-content\/uploads\/2023\/05\/header-pleniere-LPDC_2023.jpg",960,460,false],"xxxl":["https:\/\/grand-ciel.com\/wp-content\/uploads\/2023\/05\/header-pleniere-LPDC_2023.jpg",960,460,false],"xxxxl":["https:\/\/grand-ciel.com\/wp-content\/uploads\/2023\/05\/header-pleniere-LPDC_2023.jpg",960,460,false],"xxxxxl":["https:\/\/grand-ciel.com\/wp-content\/uploads\/2023\/05\/header-pleniere-LPDC_2023.jpg",960,460,false],"1536x1536":["https:\/\/grand-ciel.com\/wp-content\/uploads\/2023\/05\/header-pleniere-LPDC_2023.jpg",960,460,false],"2048x2048":["https:\/\/grand-ciel.com\/wp-content\/uploads\/2023\/05\/header-pleniere-LPDC_2023.jpg",960,460,false]},"uagb_author_info":{"display_name":"admin-gciel-la","author_link":"https:\/\/grand-ciel.com\/en\/author\/admin-gciel-la\/"},"uagb_comment_info":0,"uagb_excerpt":"Retour sur la r\u00e9union pl\u00e9ni\u00e8re du r\u00e9seau autour de la prochaine \u00e9dition du Printemps des chapiteaux qui s&#8217;est tenue le 17 mars \u00e0 Transversales, Verdun ! Les membres du r\u00e9seau se sont r\u00e9unis vendredi 17 mars \u00e0 Transversales, Verdun pour \u00e9changer sur les demandes de soutien \u00e0 la diffusion dans le cadre du Printemps des&hellip;","mfb_rest_fields":["title","yoast_head","yoast_head_json","uagb_featured_image_src","uagb_author_info","uagb_comment_info","uagb_excerpt"],"_links":{"self":[{"href":"https:\/\/grand-ciel.com\/en\/wp-json\/wp\/v2\/posts\/607","targetHints":{"allow":["GET"]}}],"collection":[{"href":"https:\/\/grand-ciel.com\/en\/wp-json\/wp\/v2\/posts"}],"about":[{"href":"https:\/\/grand-ciel.com\/en\/wp-json\/wp\/v2\/types\/post"}],"author":[{"embeddable":true,"href":"https:\/\/grand-ciel.com\/en\/wp-json\/wp\/v2\/users\/1"}],"replies":[{"embeddable":true,"href":"https:\/\/grand-ciel.com\/en\/wp-json\/wp\/v2\/comments?post=607"}],"version-history":[{"count":2,"href":"https:\/\/grand-ciel.com\/en\/wp-json\/wp\/v2\/posts\/607\/revisions"}],"predecessor-version":[{"id":1818,"href":"https:\/\/grand-ciel.com\/en\/wp-json\/wp\/v2\/posts\/607\/revisions\/1818"}],"wp:featuredmedia":[{"embeddable":true,"href":"https:\/\/grand-ciel.com\/en\/wp-json\/wp\/v2\/media\/608"}],"wp:attachment":[{"href":"https:\/\/grand-ciel.com\/en\/wp-json\/wp\/v2\/media?parent=607"}],"wp:term":[{"taxonomy":"category","embeddable":true,"href":"https:\/\/grand-ciel.com\/en\/wp-json\/wp\/v2\/categories?post=607"},{"taxonomy":"post_tag","embeddable":true,"href":"https:\/\/grand-ciel.com\/en\/wp-json\/wp\/v2\/tags?post=607"}],"curies":[{"name":"wp","href":"https:\/\/api.w.org\/{rel}","templated":true}]}}