{"id":600,"date":"2023-01-25T13:40:00","date_gmt":"2023-01-25T12:40:00","guid":{"rendered":"https:\/\/grand-ciel.com\/?p=600"},"modified":"2024-09-03T13:00:42","modified_gmt":"2024-09-03T11:00:42","slug":"rencontre-professionnelle-transfrontaliere-cirque","status":"publish","type":"post","link":"https:\/\/grand-ciel.com\/en\/2023-01-25-rencontre-professionnelle-transfrontaliere-cirque\/","title":{"rendered":"RENCONTRE PROFESSIONNELLE TRANSFRONTALIERE CIRQUE"},"content":{"rendered":"\n<p>Dans le cadre de la Pr\u00e9sidence de la Grande R\u00e9gion par la <a href=\"https:\/\/www.facebook.com\/regiongrandest?__cft__[0]=AZUBkiwCrApKlX31dVpG7TrzcRyEGi4c0K8_U76sT7iTCON1te3O1zKNqxw06VaRZKQF96imZMJAN1MMDmCd2R4QXBCJkc6-CciwcMNK_4UaIuf_JDt8x1GyxjQbRdo0PkBybBtrY0ukNSkQ2ccwIMk-mmbpwG8emNrCBq47wyjc8Tvo8WJ9KT9x-6mM2NhHuQw&amp;__tn__=-]K-R\" target=\"_blank\" rel=\"noreferrer noopener\">R\u00e9gion Grand Est<\/a>, <a href=\"https:\/\/www.facebook.com\/LePalc?__cft__[0]=AZUBkiwCrApKlX31dVpG7TrzcRyEGi4c0K8_U76sT7iTCON1te3O1zKNqxw06VaRZKQF96imZMJAN1MMDmCd2R4QXBCJkc6-CciwcMNK_4UaIuf_JDt8x1GyxjQbRdo0PkBybBtrY0ukNSkQ2ccwIMk-mmbpwG8emNrCBq47wyjc8Tvo8WJ9KT9x-6mM2NhHuQw&amp;__tn__=-]K-R\" target=\"_blank\" rel=\"noreferrer noopener\">Le Palc<\/a> Palc &#8211; PNC, le r\u00e9seau <a href=\"https:\/\/www.facebook.com\/grandcielcirque?__cft__[0]=AZUBkiwCrApKlX31dVpG7TrzcRyEGi4c0K8_U76sT7iTCON1te3O1zKNqxw06VaRZKQF96imZMJAN1MMDmCd2R4QXBCJkc6-CciwcMNK_4UaIuf_JDt8x1GyxjQbRdo0PkBybBtrY0ukNSkQ2ccwIMk-mmbpwG8emNrCBq47wyjc8Tvo8WJ9KT9x-6mM2NhHuQw&amp;__tn__=-]K-R\" target=\"_blank\" rel=\"noreferrer noopener\">Grand CIEL &#8211; Cirque en liens<\/a> et le <a href=\"https:\/\/www.facebook.com\/CNACChalons?__cft__[0]=AZUBkiwCrApKlX31dVpG7TrzcRyEGi4c0K8_U76sT7iTCON1te3O1zKNqxw06VaRZKQF96imZMJAN1MMDmCd2R4QXBCJkc6-CciwcMNK_4UaIuf_JDt8x1GyxjQbRdo0PkBybBtrY0ukNSkQ2ccwIMk-mmbpwG8emNrCBq47wyjc8Tvo8WJ9KT9x-6mM2NhHuQw&amp;__tn__=-]K-R\" target=\"_blank\" rel=\"noreferrer noopener\">Centre national des arts du cirque \/ CNAC<\/a>, vous donnent rendez-vous le vendredi 2 d\u00e9cembre, \u00e0 partir de 10h, \u00e0 Ch\u00e2lons-en-Champagne, pour une rencontre professionnelle autour du th\u00e8me de la fili\u00e8re circassienne transfrontali\u00e8re.<\/p>\n\n\n\n<p><img decoding=\"async\" alt=\"\ud83d\udfe0\" src=\"https:\/\/static.xx.fbcdn.net\/images\/emoji.php\/v9\/tfa\/1\/16\/1f7e0.png\"> AU PROGRAMME :<\/p>\n\n\n\n<p>&#8211; TEMPS D&#8217;ECHANGE OUVERT AUX ADHERENTS DU RESEAU GRAND CIEL : \ud835\ude1a\ud835\ude30\ud835\ude36\ud835\ude35\ud835\ude2a\ud835\ude26\ud835\ude2f \ud835\ude22\u0300 \ud835\ude2d\ud835\ude22 \ud835\ude24\ud835\ude33\ud835\ude26\u0301\ud835\ude22\ud835\ude35\ud835\ude2a\ud835\ude30\ud835\ude2f \ud835\ude26\ud835\ude35 \ud835\ude35\ud835\ude26\ud835\ude33\ud835\ude33\ud835\ude2a\ud835\ude35\ud835\ude30\ud835\ude33\ud835\ude2a\ud835\ude22\ud835\ude2d\ud835\ude2a\ud835\ude35\ud835\ude26\u0301<\/p>\n\n\n\n<p>&#8211; ATELIER PROFESSIONNEL : \ud835\ude0a\ud835\ude30\ud835\ude2e\ud835\ude2e\ud835\ude26\ud835\ude2f\ud835\ude35 \ud835\ude2a\ud835\ude2e\ud835\ude22\ud835\ude28\ud835\ude2a\ud835\ude2f\ud835\ude26\ud835\ude33 \ud835\ude2d\u2019\ud835\ude26\u0301\ud835\ude24\ud835\ude30\ud835\ude34\ud835\ude3a\ud835\ude34\ud835\ude35\ud835\ude26\u0300\ud835\ude2e\ud835\ude26 \ud835\ude24\ud835\ude2a\ud835\ude33\ud835\ude24\ud835\ude22\ud835\ude34\ud835\ude34\ud835\ude2a\ud835\ude26\ud835\ude2f \ud835\ude35\ud835\ude33\ud835\ude22\ud835\ude2f\ud835\ude34\ud835\ude27\ud835\ude33\ud835\ude30\ud835\ude2f\ud835\ude35\ud835\ude22\ud835\ude2d\ud835\ude2a\ud835\ude26\ud835\ude33 \ud835\ude25\ud835\ude26 \ud835\ude25\ud835\ude26\ud835\ude2e\ud835\ude22\ud835\ude2a\ud835\ude2f ?<\/p>\n\n\n\n<p>&#8211; SPECTACLES ET PRESENTATIONS DE PROJETS :<\/p>\n\n\n\n<p>&gt; \ud835\ude12\ud835\ude22\ud835\ude2d\ud835\ude26\ud835\ude2a\ud835\ude25\ud835\ude2a\ud835\ude2f\ud835\ude28 &#8211; Zirkus ON (Cr\u00e9ation 2023)<\/p>\n\n\n\n<p>Pr\u00e9sentation de travail en cours de Lily Schlinker &amp; Janick Kremer (Allemagne)<\/p>\n\n\n\n<p>&gt; \ud835\ude13\ud835\ude22 \ud835\ude09\ud835\ude30\ud835\ude36\ud835\ude2d\ud835\ude26 &#8211; (Cr\u00e9ation 2023)<\/p>\n\n\n\n<p>Pr\u00e9sentation de travail en cours de Liam Lelarge et Kim Marro (France\/Suisse)<\/p>\n\n\n\n<p>&gt; \ud835\ude1d\ud835\ude22\ud835\ude2f\ud835\ude35\ud835\ude29\ud835\ude30\ud835\ude33\ud835\ude2f\ud835\ude30\ud835\ude36\ud835\ude35 &#8211; Cie Not Standing (Cr\u00e9ation 2022)<\/p>\n\n\n\n<p>Spectacle d\u2019<a href=\"https:\/\/www.facebook.com\/alexandervantournhoutofficial?__cft__[0]=AZUBkiwCrApKlX31dVpG7TrzcRyEGi4c0K8_U76sT7iTCON1te3O1zKNqxw06VaRZKQF96imZMJAN1MMDmCd2R4QXBCJkc6-CciwcMNK_4UaIuf_JDt8x1GyxjQbRdo0PkBybBtrY0ukNSkQ2ccwIMk-mmbpwG8emNrCBq47wyjc8Tvo8WJ9KT9x-6mM2NhHuQw&amp;__tn__=-]K-R\" target=\"_blank\" rel=\"noreferrer noopener\">Alexander Vantournhout \/ not standing<\/a> (Belgique)<\/p>\n\n\n\n<p>> \ud835\ude09\ud835\ude22\ud835\ude2d\ud835\ude26\ud835\ude34\ud835\ude35\ud835\ude33\ud835\ude22 , Spectacle de fin d&#8217;\u00e9tudes 34\u00e8me promotion du CNAC &#8211; Mise en sc\u00e8ne Marie Molliens &#8211; <a href=\"https:\/\/www.facebook.com\/compagnierasposo?__cft__[0]=AZUBkiwCrApKlX31dVpG7TrzcRyEGi4c0K8_U76sT7iTCON1te3O1zKNqxw06VaRZKQF96imZMJAN1MMDmCd2R4QXBCJkc6-CciwcMNK_4UaIuf_JDt8x1GyxjQbRdo0PkBybBtrY0ukNSkQ2ccwIMk-mmbpwG8emNrCBq47wyjc8Tvo8WJ9KT9x-6mM2NhHuQw&amp;__tn__=-]K-R\" target=\"_blank\" rel=\"noreferrer noopener\">Compagnie Rasposo &#8211; Officiel<\/a><\/p>\n\n\n\n<p>Gratuit (sur r\u00e9servation) : <a href=\"https:\/\/l.facebook.com\/l.php?u=https%3A%2F%2Fdocs.google.com%2Fforms%2Fd%2Fe%2F1FAIpQLSfC-iKt2rAVtdonNfCyycKNr5IL_V7dqnBPO6onL6kC_halWw%2Fviewform%3Ffbclid%3DIwAR21ByfTgmnEbFkIbpJKrwrpd6ik16JOlh2_G0_MuperBbAjmebx7KIVxMI&amp;h=AT2IzY6ulZCXQuJBYfb_PDzp7ViZOcjEThC1Q9-HfjZBS609iiKcO8ONexoGK1zuY9UKRG_EcOnKpGwWjNE_dvQxn26ba0HwmfLlmsHAV5TjwaOgn2LJ5HTXBL6GcHflkflfZL1WtFFjGXO712YW&amp;__tn__=-UK-R&amp;c[0]=AT1eGy45ZnbpijhIKXus9pvYSESm1-BqoUjG1nsGlgU8IUNI_WUtzDCkzwlHzLOeXoEdc-Oj1gE2yLzY9STeUGTJ7VNXG8z9czE4LvPHBuPJw2LkzJXHeiNaR3mOLm2i_OcUCILOHVJtwfLwT4c62VJ5RbFAVYT-jsqZJBOycBFl6XlH5Pax-o-RUzoeeDhfenkkx69HUdzy\" rel=\"noreferrer noopener\" target=\"_blank\">https:\/\/docs.google.com\/&#8230;\/1FAIpQLSfC&#8230;\/viewform<\/a><\/p>\n\n\n\n<p>Le Programme d\u00e9taill\u00e9 et tous les lieux de rendez-vous sont \u00e0 retrouver ici :<\/p>\n\n\n\n<p><a rel=\"noreferrer noopener\" href=\"https:\/\/www.calameo.com\/books\/007036900c530fa016811\" target=\"_blank\">Atelier Transfrontalier Chalons En Champagne 02 Dec 2022 Final<\/a><\/p>\n\n\n\n<iframe loading=\"lazy\" src=\"\/\/v.calameo.com\/?bkcode=007036900c530fa016811&amp;mode=mini&amp;page=2&amp;clickto=embed\" scrolling=\"no\" allowtransparency=\"\" allowfullscreen=\"\" style=\"margin:0 auto;\" width=\"480\" height=\"300\" frameborder=\"0\"><\/iframe>\n\n\n\n<figure class=\"wp-block-gallery has-nested-images columns-1 wp-block-gallery-1 is-layout-flex wp-block-gallery-is-layout-flex\">\n<figure class=\"wp-block-image size-full\"><img loading=\"lazy\" decoding=\"async\" width=\"520\" height=\"595\" data-id=\"604\" src=\"https:\/\/grand-ciel.com\/wp-content\/uploads\/2023\/05\/Post-rencontre-pro-1.jpg\" alt=\"\" class=\"wp-image-604\" srcset=\"https:\/\/grand-ciel.com\/wp-content\/uploads\/2023\/05\/Post-rencontre-pro-1.jpg 520w, https:\/\/grand-ciel.com\/wp-content\/uploads\/2023\/05\/Post-rencontre-pro-1-480x549.jpg 480w, https:\/\/grand-ciel.com\/wp-content\/uploads\/2023\/05\/Post-rencontre-pro-1-437x500.jpg 437w\" sizes=\"auto, (max-width: 520px) 100vw, 520px\" \/><\/figure>\n\n\n\n<figure class=\"wp-block-image size-full\"><img loading=\"lazy\" decoding=\"async\" width=\"520\" height=\"595\" data-id=\"605\" src=\"https:\/\/grand-ciel.com\/wp-content\/uploads\/2023\/05\/Post-rencontre-pro-2.jpg\" alt=\"\" class=\"wp-image-605\" srcset=\"https:\/\/grand-ciel.com\/wp-content\/uploads\/2023\/05\/Post-rencontre-pro-2.jpg 520w, https:\/\/grand-ciel.com\/wp-content\/uploads\/2023\/05\/Post-rencontre-pro-2-480x549.jpg 480w, https:\/\/grand-ciel.com\/wp-content\/uploads\/2023\/05\/Post-rencontre-pro-2-437x500.jpg 437w\" sizes=\"auto, (max-width: 520px) 100vw, 520px\" \/><\/figure>\n\n\n\n<figure class=\"wp-block-image size-full\"><img loading=\"lazy\" decoding=\"async\" width=\"520\" height=\"595\" data-id=\"602\" src=\"https:\/\/grand-ciel.com\/wp-content\/uploads\/2023\/05\/Post-rencontre-pro-3.jpg\" alt=\"\" class=\"wp-image-602\" srcset=\"https:\/\/grand-ciel.com\/wp-content\/uploads\/2023\/05\/Post-rencontre-pro-3.jpg 520w, https:\/\/grand-ciel.com\/wp-content\/uploads\/2023\/05\/Post-rencontre-pro-3-480x549.jpg 480w, https:\/\/grand-ciel.com\/wp-content\/uploads\/2023\/05\/Post-rencontre-pro-3-437x500.jpg 437w\" sizes=\"auto, (max-width: 520px) 100vw, 520px\" \/><\/figure>\n\n\n\n<figure class=\"wp-block-image size-full\"><img loading=\"lazy\" decoding=\"async\" width=\"520\" height=\"595\" data-id=\"603\" src=\"https:\/\/grand-ciel.com\/wp-content\/uploads\/2023\/05\/Post-rencontre-pro-4.jpg\" alt=\"\" class=\"wp-image-603\" srcset=\"https:\/\/grand-ciel.com\/wp-content\/uploads\/2023\/05\/Post-rencontre-pro-4.jpg 520w, https:\/\/grand-ciel.com\/wp-content\/uploads\/2023\/05\/Post-rencontre-pro-4-480x549.jpg 480w, https:\/\/grand-ciel.com\/wp-content\/uploads\/2023\/05\/Post-rencontre-pro-4-437x500.jpg 437w\" sizes=\"auto, (max-width: 520px) 100vw, 520px\" \/><\/figure>\n<\/figure>\n","protected":false},"excerpt":{"rendered":"<p>Dans le cadre de la Pr\u00e9sidence de la Grande R\u00e9gion par la R\u00e9gion Grand Est, Le Palc Palc &#8211; PNC, le r\u00e9seau Grand CIEL &#8211; Cirque en liens et le Centre national des arts du cirque \/ CNAC, vous donnent rendez-vous le vendredi 2 d\u00e9cembre, \u00e0 partir de 10h, \u00e0 Ch\u00e2lons-en-Champagne, pour une rencontre professionnelle [&hellip;]<\/p>\n","protected":false},"author":1,"featured_media":601,"comment_status":"closed","ping_status":"closed","sticky":false,"template":"","format":"standard","meta":{"_uag_custom_page_level_css":"","footnotes":""},"categories":[14],"tags":[],"class_list":["post-600","post","type-post","status-publish","format-standard","has-post-thumbnail","hentry","category-actualites"],"mb":[],"yoast_head":"<!-- This site is optimized with the Yoast SEO plugin v27.2 - https:\/\/yoast.com\/product\/yoast-seo-wordpress\/ -->\n<title>RENCONTRE PROFESSIONNELLE TRANSFRONTALIERE CIRQUE - Grand CIEL<\/title>\n<meta name=\"robots\" content=\"index, follow, max-snippet:-1, max-image-preview:large, max-video-preview:-1\" \/>\n<link rel=\"canonical\" href=\"https:\/\/grand-ciel.com\/2023-01-25-rencontre-professionnelle-transfrontaliere-cirque\/\" \/>\n<meta property=\"og:locale\" content=\"en_US\" \/>\n<meta property=\"og:type\" content=\"article\" \/>\n<meta property=\"og:title\" content=\"RENCONTRE PROFESSIONNELLE TRANSFRONTALIERE CIRQUE - Grand CIEL\" \/>\n<meta property=\"og:description\" content=\"Dans le cadre de la Pr\u00e9sidence de la Grande R\u00e9gion par la R\u00e9gion Grand Est, Le Palc Palc &#8211; PNC, le r\u00e9seau Grand CIEL &#8211; Cirque en liens et le Centre national des arts du cirque \/ CNAC, vous donnent rendez-vous le vendredi 2 d\u00e9cembre, \u00e0 partir de 10h, \u00e0 Ch\u00e2lons-en-Champagne, pour une rencontre professionnelle [&hellip;]\" \/>\n<meta property=\"og:url\" content=\"https:\/\/grand-ciel.com\/2023-01-25-rencontre-professionnelle-transfrontaliere-cirque\/\" \/>\n<meta property=\"og:site_name\" content=\"Grand CIEL\" \/>\n<meta property=\"article:publisher\" content=\"https:\/\/www.facebook.com\/grandcielcirque\" \/>\n<meta property=\"article:published_time\" content=\"2023-01-25T12:40:00+00:00\" \/>\n<meta property=\"article:modified_time\" content=\"2024-09-03T11:00:42+00:00\" \/>\n<meta property=\"og:image\" content=\"https:\/\/grand-ciel.com\/wp-content\/uploads\/2023\/05\/RENCONTRES-PRO-2022.jpg\" \/>\n\t<meta property=\"og:image:width\" content=\"950\" \/>\n\t<meta property=\"og:image:height\" content=\"455\" \/>\n\t<meta property=\"og:image:type\" content=\"image\/jpeg\" \/>\n<meta name=\"author\" content=\"admin-gciel-la\" \/>\n<meta name=\"twitter:card\" content=\"summary_large_image\" \/>\n<meta name=\"twitter:label1\" content=\"Written by\" \/>\n\t<meta name=\"twitter:data1\" content=\"admin-gciel-la\" \/>\n\t<meta name=\"twitter:label2\" content=\"Est. reading time\" \/>\n\t<meta name=\"twitter:data2\" content=\"1 minute\" \/>\n<script type=\"application\/ld+json\" class=\"yoast-schema-graph\">{\"@context\":\"https:\/\/schema.org\",\"@graph\":[{\"@type\":\"Article\",\"@id\":\"https:\/\/grand-ciel.com\/2023-01-25-rencontre-professionnelle-transfrontaliere-cirque\/#article\",\"isPartOf\":{\"@id\":\"https:\/\/grand-ciel.com\/2023-01-25-rencontre-professionnelle-transfrontaliere-cirque\/\"},\"author\":{\"name\":\"admin-gciel-la\",\"@id\":\"https:\/\/grand-ciel.com\/#\/schema\/person\/32d02fd0e867821308f7c2c264e550ca\"},\"headline\":\"RENCONTRE PROFESSIONNELLE TRANSFRONTALIERE CIRQUE\",\"datePublished\":\"2023-01-25T12:40:00+00:00\",\"dateModified\":\"2024-09-03T11:00:42+00:00\",\"mainEntityOfPage\":{\"@id\":\"https:\/\/grand-ciel.com\/2023-01-25-rencontre-professionnelle-transfrontaliere-cirque\/\"},\"wordCount\":196,\"publisher\":{\"@id\":\"https:\/\/grand-ciel.com\/#organization\"},\"image\":{\"@id\":\"https:\/\/grand-ciel.com\/2023-01-25-rencontre-professionnelle-transfrontaliere-cirque\/#primaryimage\"},\"thumbnailUrl\":\"https:\/\/grand-ciel.com\/wp-content\/uploads\/2023\/05\/RENCONTRES-PRO-2022.jpg\",\"articleSection\":[\"Actualit\u00e9s\"],\"inLanguage\":\"en-US\"},{\"@type\":\"WebPage\",\"@id\":\"https:\/\/grand-ciel.com\/2023-01-25-rencontre-professionnelle-transfrontaliere-cirque\/\",\"url\":\"https:\/\/grand-ciel.com\/2023-01-25-rencontre-professionnelle-transfrontaliere-cirque\/\",\"name\":\"RENCONTRE PROFESSIONNELLE TRANSFRONTALIERE CIRQUE - Grand CIEL\",\"isPartOf\":{\"@id\":\"https:\/\/grand-ciel.com\/#website\"},\"primaryImageOfPage\":{\"@id\":\"https:\/\/grand-ciel.com\/2023-01-25-rencontre-professionnelle-transfrontaliere-cirque\/#primaryimage\"},\"image\":{\"@id\":\"https:\/\/grand-ciel.com\/2023-01-25-rencontre-professionnelle-transfrontaliere-cirque\/#primaryimage\"},\"thumbnailUrl\":\"https:\/\/grand-ciel.com\/wp-content\/uploads\/2023\/05\/RENCONTRES-PRO-2022.jpg\",\"datePublished\":\"2023-01-25T12:40:00+00:00\",\"dateModified\":\"2024-09-03T11:00:42+00:00\",\"breadcrumb\":{\"@id\":\"https:\/\/grand-ciel.com\/2023-01-25-rencontre-professionnelle-transfrontaliere-cirque\/#breadcrumb\"},\"inLanguage\":\"en-US\",\"potentialAction\":[{\"@type\":\"ReadAction\",\"target\":[\"https:\/\/grand-ciel.com\/2023-01-25-rencontre-professionnelle-transfrontaliere-cirque\/\"]}]},{\"@type\":\"ImageObject\",\"inLanguage\":\"en-US\",\"@id\":\"https:\/\/grand-ciel.com\/2023-01-25-rencontre-professionnelle-transfrontaliere-cirque\/#primaryimage\",\"url\":\"https:\/\/grand-ciel.com\/wp-content\/uploads\/2023\/05\/RENCONTRES-PRO-2022.jpg\",\"contentUrl\":\"https:\/\/grand-ciel.com\/wp-content\/uploads\/2023\/05\/RENCONTRES-PRO-2022.jpg\",\"width\":950,\"height\":455},{\"@type\":\"BreadcrumbList\",\"@id\":\"https:\/\/grand-ciel.com\/2023-01-25-rencontre-professionnelle-transfrontaliere-cirque\/#breadcrumb\",\"itemListElement\":[{\"@type\":\"ListItem\",\"position\":1,\"name\":\"Accueil\",\"item\":\"https:\/\/grand-ciel.com\/en\/home\/\"},{\"@type\":\"ListItem\",\"position\":2,\"name\":\"RENCONTRE PROFESSIONNELLE TRANSFRONTALIERE CIRQUE\"}]},{\"@type\":\"WebSite\",\"@id\":\"https:\/\/grand-ciel.com\/#website\",\"url\":\"https:\/\/grand-ciel.com\/\",\"name\":\"Grand CIEL\",\"description\":\"\",\"publisher\":{\"@id\":\"https:\/\/grand-ciel.com\/#organization\"},\"potentialAction\":[{\"@type\":\"SearchAction\",\"target\":{\"@type\":\"EntryPoint\",\"urlTemplate\":\"https:\/\/grand-ciel.com\/?s={search_term_string}\"},\"query-input\":{\"@type\":\"PropertyValueSpecification\",\"valueRequired\":true,\"valueName\":\"search_term_string\"}}],\"inLanguage\":\"en-US\"},{\"@type\":\"Organization\",\"@id\":\"https:\/\/grand-ciel.com\/#organization\",\"name\":\"Grand CIEL\",\"url\":\"https:\/\/grand-ciel.com\/\",\"logo\":{\"@type\":\"ImageObject\",\"inLanguage\":\"en-US\",\"@id\":\"https:\/\/grand-ciel.com\/#\/schema\/logo\/image\/\",\"url\":\"https:\/\/grand-ciel.com\/wp-content\/uploads\/2023\/05\/logo_Grand_Ciel_orange_fond_bleu_250.jpg\",\"contentUrl\":\"https:\/\/grand-ciel.com\/wp-content\/uploads\/2023\/05\/logo_Grand_Ciel_orange_fond_bleu_250.jpg\",\"width\":250,\"height\":148,\"caption\":\"Grand CIEL\"},\"image\":{\"@id\":\"https:\/\/grand-ciel.com\/#\/schema\/logo\/image\/\"},\"sameAs\":[\"https:\/\/www.facebook.com\/grandcielcirque\"]},{\"@type\":\"Person\",\"@id\":\"https:\/\/grand-ciel.com\/#\/schema\/person\/32d02fd0e867821308f7c2c264e550ca\",\"name\":\"admin-gciel-la\",\"sameAs\":[\"https:\/\/grand-ciel.com\"]}]}<\/script>\n<!-- \/ Yoast SEO plugin. -->","yoast_head_json":{"title":"RENCONTRE PROFESSIONNELLE TRANSFRONTALIERE CIRQUE - Grand CIEL","robots":{"index":"index","follow":"follow","max-snippet":"max-snippet:-1","max-image-preview":"max-image-preview:large","max-video-preview":"max-video-preview:-1"},"canonical":"https:\/\/grand-ciel.com\/2023-01-25-rencontre-professionnelle-transfrontaliere-cirque\/","og_locale":"en_US","og_type":"article","og_title":"RENCONTRE PROFESSIONNELLE TRANSFRONTALIERE CIRQUE - Grand CIEL","og_description":"Dans le cadre de la Pr\u00e9sidence de la Grande R\u00e9gion par la R\u00e9gion Grand Est, Le Palc Palc &#8211; PNC, le r\u00e9seau Grand CIEL &#8211; Cirque en liens et le Centre national des arts du cirque \/ CNAC, vous donnent rendez-vous le vendredi 2 d\u00e9cembre, \u00e0 partir de 10h, \u00e0 Ch\u00e2lons-en-Champagne, pour une rencontre professionnelle [&hellip;]","og_url":"https:\/\/grand-ciel.com\/2023-01-25-rencontre-professionnelle-transfrontaliere-cirque\/","og_site_name":"Grand CIEL","article_publisher":"https:\/\/www.facebook.com\/grandcielcirque","article_published_time":"2023-01-25T12:40:00+00:00","article_modified_time":"2024-09-03T11:00:42+00:00","og_image":[{"width":950,"height":455,"url":"https:\/\/grand-ciel.com\/wp-content\/uploads\/2023\/05\/RENCONTRES-PRO-2022.jpg","type":"image\/jpeg"}],"author":"admin-gciel-la","twitter_card":"summary_large_image","twitter_misc":{"Written by":"admin-gciel-la","Est. reading time":"1 minute"},"schema":{"@context":"https:\/\/schema.org","@graph":[{"@type":"Article","@id":"https:\/\/grand-ciel.com\/2023-01-25-rencontre-professionnelle-transfrontaliere-cirque\/#article","isPartOf":{"@id":"https:\/\/grand-ciel.com\/2023-01-25-rencontre-professionnelle-transfrontaliere-cirque\/"},"author":{"name":"admin-gciel-la","@id":"https:\/\/grand-ciel.com\/#\/schema\/person\/32d02fd0e867821308f7c2c264e550ca"},"headline":"RENCONTRE PROFESSIONNELLE TRANSFRONTALIERE CIRQUE","datePublished":"2023-01-25T12:40:00+00:00","dateModified":"2024-09-03T11:00:42+00:00","mainEntityOfPage":{"@id":"https:\/\/grand-ciel.com\/2023-01-25-rencontre-professionnelle-transfrontaliere-cirque\/"},"wordCount":196,"publisher":{"@id":"https:\/\/grand-ciel.com\/#organization"},"image":{"@id":"https:\/\/grand-ciel.com\/2023-01-25-rencontre-professionnelle-transfrontaliere-cirque\/#primaryimage"},"thumbnailUrl":"https:\/\/grand-ciel.com\/wp-content\/uploads\/2023\/05\/RENCONTRES-PRO-2022.jpg","articleSection":["Actualit\u00e9s"],"inLanguage":"en-US"},{"@type":"WebPage","@id":"https:\/\/grand-ciel.com\/2023-01-25-rencontre-professionnelle-transfrontaliere-cirque\/","url":"https:\/\/grand-ciel.com\/2023-01-25-rencontre-professionnelle-transfrontaliere-cirque\/","name":"RENCONTRE PROFESSIONNELLE TRANSFRONTALIERE CIRQUE - Grand CIEL","isPartOf":{"@id":"https:\/\/grand-ciel.com\/#website"},"primaryImageOfPage":{"@id":"https:\/\/grand-ciel.com\/2023-01-25-rencontre-professionnelle-transfrontaliere-cirque\/#primaryimage"},"image":{"@id":"https:\/\/grand-ciel.com\/2023-01-25-rencontre-professionnelle-transfrontaliere-cirque\/#primaryimage"},"thumbnailUrl":"https:\/\/grand-ciel.com\/wp-content\/uploads\/2023\/05\/RENCONTRES-PRO-2022.jpg","datePublished":"2023-01-25T12:40:00+00:00","dateModified":"2024-09-03T11:00:42+00:00","breadcrumb":{"@id":"https:\/\/grand-ciel.com\/2023-01-25-rencontre-professionnelle-transfrontaliere-cirque\/#breadcrumb"},"inLanguage":"en-US","potentialAction":[{"@type":"ReadAction","target":["https:\/\/grand-ciel.com\/2023-01-25-rencontre-professionnelle-transfrontaliere-cirque\/"]}]},{"@type":"ImageObject","inLanguage":"en-US","@id":"https:\/\/grand-ciel.com\/2023-01-25-rencontre-professionnelle-transfrontaliere-cirque\/#primaryimage","url":"https:\/\/grand-ciel.com\/wp-content\/uploads\/2023\/05\/RENCONTRES-PRO-2022.jpg","contentUrl":"https:\/\/grand-ciel.com\/wp-content\/uploads\/2023\/05\/RENCONTRES-PRO-2022.jpg","width":950,"height":455},{"@type":"BreadcrumbList","@id":"https:\/\/grand-ciel.com\/2023-01-25-rencontre-professionnelle-transfrontaliere-cirque\/#breadcrumb","itemListElement":[{"@type":"ListItem","position":1,"name":"Accueil","item":"https:\/\/grand-ciel.com\/en\/home\/"},{"@type":"ListItem","position":2,"name":"RENCONTRE PROFESSIONNELLE TRANSFRONTALIERE CIRQUE"}]},{"@type":"WebSite","@id":"https:\/\/grand-ciel.com\/#website","url":"https:\/\/grand-ciel.com\/","name":"Grand CIEL","description":"","publisher":{"@id":"https:\/\/grand-ciel.com\/#organization"},"potentialAction":[{"@type":"SearchAction","target":{"@type":"EntryPoint","urlTemplate":"https:\/\/grand-ciel.com\/?s={search_term_string}"},"query-input":{"@type":"PropertyValueSpecification","valueRequired":true,"valueName":"search_term_string"}}],"inLanguage":"en-US"},{"@type":"Organization","@id":"https:\/\/grand-ciel.com\/#organization","name":"Grand CIEL","url":"https:\/\/grand-ciel.com\/","logo":{"@type":"ImageObject","inLanguage":"en-US","@id":"https:\/\/grand-ciel.com\/#\/schema\/logo\/image\/","url":"https:\/\/grand-ciel.com\/wp-content\/uploads\/2023\/05\/logo_Grand_Ciel_orange_fond_bleu_250.jpg","contentUrl":"https:\/\/grand-ciel.com\/wp-content\/uploads\/2023\/05\/logo_Grand_Ciel_orange_fond_bleu_250.jpg","width":250,"height":148,"caption":"Grand CIEL"},"image":{"@id":"https:\/\/grand-ciel.com\/#\/schema\/logo\/image\/"},"sameAs":["https:\/\/www.facebook.com\/grandcielcirque"]},{"@type":"Person","@id":"https:\/\/grand-ciel.com\/#\/schema\/person\/32d02fd0e867821308f7c2c264e550ca","name":"admin-gciel-la","sameAs":["https:\/\/grand-ciel.com"]}]}},"uagb_featured_image_src":{"full":["https:\/\/grand-ciel.com\/wp-content\/uploads\/2023\/05\/RENCONTRES-PRO-2022.jpg",950,455,false],"thumbnail":["https:\/\/grand-ciel.com\/wp-content\/uploads\/2023\/05\/RENCONTRES-PRO-2022-150x150.jpg",150,150,true],"medium":["https:\/\/grand-ciel.com\/wp-content\/uploads\/2023\/05\/RENCONTRES-PRO-2022-480x230.jpg",480,230,true],"medium_large":["https:\/\/grand-ciel.com\/wp-content\/uploads\/2023\/05\/RENCONTRES-PRO-2022-768x368.jpg",768,368,true],"large":["https:\/\/grand-ciel.com\/wp-content\/uploads\/2023\/05\/RENCONTRES-PRO-2022.jpg",950,455,false],"gs-tiny":["https:\/\/grand-ciel.com\/wp-content\/uploads\/2023\/05\/RENCONTRES-PRO-2022.jpg",50,24,false],"xl":["https:\/\/grand-ciel.com\/wp-content\/uploads\/2023\/05\/RENCONTRES-PRO-2022.jpg",950,455,false],"xxl":["https:\/\/grand-ciel.com\/wp-content\/uploads\/2023\/05\/RENCONTRES-PRO-2022.jpg",950,455,false],"xxxl":["https:\/\/grand-ciel.com\/wp-content\/uploads\/2023\/05\/RENCONTRES-PRO-2022.jpg",950,455,false],"xxxxl":["https:\/\/grand-ciel.com\/wp-content\/uploads\/2023\/05\/RENCONTRES-PRO-2022.jpg",950,455,false],"xxxxxl":["https:\/\/grand-ciel.com\/wp-content\/uploads\/2023\/05\/RENCONTRES-PRO-2022.jpg",950,455,false],"1536x1536":["https:\/\/grand-ciel.com\/wp-content\/uploads\/2023\/05\/RENCONTRES-PRO-2022.jpg",950,455,false],"2048x2048":["https:\/\/grand-ciel.com\/wp-content\/uploads\/2023\/05\/RENCONTRES-PRO-2022.jpg",950,455,false]},"uagb_author_info":{"display_name":"admin-gciel-la","author_link":"https:\/\/grand-ciel.com\/en\/author\/admin-gciel-la\/"},"uagb_comment_info":0,"uagb_excerpt":"Dans le cadre de la Pr\u00e9sidence de la Grande R\u00e9gion par la R\u00e9gion Grand Est, Le Palc Palc &#8211; PNC, le r\u00e9seau Grand CIEL &#8211; Cirque en liens et le Centre national des arts du cirque \/ CNAC, vous donnent rendez-vous le vendredi 2 d\u00e9cembre, \u00e0 partir de 10h, \u00e0 Ch\u00e2lons-en-Champagne, pour une rencontre professionnelle&hellip;","mfb_rest_fields":["title","yoast_head","yoast_head_json","uagb_featured_image_src","uagb_author_info","uagb_comment_info","uagb_excerpt"],"_links":{"self":[{"href":"https:\/\/grand-ciel.com\/en\/wp-json\/wp\/v2\/posts\/600","targetHints":{"allow":["GET"]}}],"collection":[{"href":"https:\/\/grand-ciel.com\/en\/wp-json\/wp\/v2\/posts"}],"about":[{"href":"https:\/\/grand-ciel.com\/en\/wp-json\/wp\/v2\/types\/post"}],"author":[{"embeddable":true,"href":"https:\/\/grand-ciel.com\/en\/wp-json\/wp\/v2\/users\/1"}],"replies":[{"embeddable":true,"href":"https:\/\/grand-ciel.com\/en\/wp-json\/wp\/v2\/comments?post=600"}],"version-history":[{"count":1,"href":"https:\/\/grand-ciel.com\/en\/wp-json\/wp\/v2\/posts\/600\/revisions"}],"predecessor-version":[{"id":606,"href":"https:\/\/grand-ciel.com\/en\/wp-json\/wp\/v2\/posts\/600\/revisions\/606"}],"wp:featuredmedia":[{"embeddable":true,"href":"https:\/\/grand-ciel.com\/en\/wp-json\/wp\/v2\/media\/601"}],"wp:attachment":[{"href":"https:\/\/grand-ciel.com\/en\/wp-json\/wp\/v2\/media?parent=600"}],"wp:term":[{"taxonomy":"category","embeddable":true,"href":"https:\/\/grand-ciel.com\/en\/wp-json\/wp\/v2\/categories?post=600"},{"taxonomy":"post_tag","embeddable":true,"href":"https:\/\/grand-ciel.com\/en\/wp-json\/wp\/v2\/tags?post=600"}],"curies":[{"name":"wp","href":"https:\/\/api.w.org\/{rel}","templated":true}]}}