{"id":594,"date":"2023-01-05T13:34:00","date_gmt":"2023-01-05T12:34:00","guid":{"rendered":"https:\/\/grand-ciel.com\/?p=594"},"modified":"2024-09-03T13:00:42","modified_gmt":"2024-09-03T11:00:42","slug":"retour-sur-la-rencontre-transfrontaliere-cirque","status":"publish","type":"post","link":"https:\/\/grand-ciel.com\/en\/2023-01-05-retour-sur-la-rencontre-transfrontaliere-cirque\/","title":{"rendered":"RETOUR SUR LA RENCONTRE TRANSFRONTALIERE CIRQUE"},"content":{"rendered":"\n<p>Le vendredi 2 d\u00e9cembre dernier, dans le cadre de la Pr\u00e9sidence fran\u00e7aise de la Grande R\u00e9gion 2021-2022 par la <a href=\"https:\/\/www.facebook.com\/regiongrandest?__cft__[0]=AZXJaLgEs5gEhgENztBo1ZHraKOXknkxDWfsbciwj_JKwCQcC-nMaRkS3qX6qFkKZUO8L0WuNvPDum7CQTOHkQBaOUbfSdGwHX-Hx4jG0dCbFEENqEHcxsUWUOkqCqaL9vcquriiEEqcozSLMoLFNG1DUP20xRaIpy-_fJ7NGhBQh1_EUTtMqJR-pS0BEufSdfBcfRB8639a7iCWH1zcDKY6&amp;__tn__=-]K-R\" target=\"_blank\" rel=\"noreferrer noopener\">R\u00e9gion Grand Est<\/a>, <a href=\"https:\/\/www.facebook.com\/LePalc?__cft__[0]=AZXJaLgEs5gEhgENztBo1ZHraKOXknkxDWfsbciwj_JKwCQcC-nMaRkS3qX6qFkKZUO8L0WuNvPDum7CQTOHkQBaOUbfSdGwHX-Hx4jG0dCbFEENqEHcxsUWUOkqCqaL9vcquriiEEqcozSLMoLFNG1DUP20xRaIpy-_fJ7NGhBQh1_EUTtMqJR-pS0BEufSdfBcfRB8639a7iCWH1zcDKY6&amp;__tn__=-]K-R\" target=\"_blank\" rel=\"noreferrer noopener\">Le Palc<\/a> &#8211; P\u00f4le National Cirque Grand Est, le r\u00e9seau <a href=\"https:\/\/www.facebook.com\/grandcielcirque?__cft__[0]=AZXJaLgEs5gEhgENztBo1ZHraKOXknkxDWfsbciwj_JKwCQcC-nMaRkS3qX6qFkKZUO8L0WuNvPDum7CQTOHkQBaOUbfSdGwHX-Hx4jG0dCbFEENqEHcxsUWUOkqCqaL9vcquriiEEqcozSLMoLFNG1DUP20xRaIpy-_fJ7NGhBQh1_EUTtMqJR-pS0BEufSdfBcfRB8639a7iCWH1zcDKY6&amp;__tn__=-]K-R\" target=\"_blank\" rel=\"noreferrer noopener\">Grand CIEL &#8211; Cirque en liens<\/a> et la R\u00e9gion Grand Est, en partenariat avec le <a href=\"https:\/\/www.facebook.com\/CNACChalons?__cft__[0]=AZXJaLgEs5gEhgENztBo1ZHraKOXknkxDWfsbciwj_JKwCQcC-nMaRkS3qX6qFkKZUO8L0WuNvPDum7CQTOHkQBaOUbfSdGwHX-Hx4jG0dCbFEENqEHcxsUWUOkqCqaL9vcquriiEEqcozSLMoLFNG1DUP20xRaIpy-_fJ7NGhBQh1_EUTtMqJR-pS0BEufSdfBcfRB8639a7iCWH1zcDKY6&amp;__tn__=-]K-R\" target=\"_blank\" rel=\"noreferrer noopener\">Centre national des arts du cirque \/ CNAC<\/a> et la Chaire ICiMa ont organis\u00e9 une rencontre professionnelle transfrontali\u00e8re.<\/p>\n\n\n\n<p>\u00c0 travers plusieurs temps fort, le Palc et Grand CIEL ont souhait\u00e9 imaginer une journ\u00e9e pour \u00e9changer autour du th\u00e8me de la fili\u00e8re circassienne transfrontali\u00e8re.<\/p>\n\n\n\n<p><img decoding=\"async\" alt=\"\ud83d\udd39\" src=\"https:\/\/static.xx.fbcdn.net\/images\/emoji.php\/v9\/tf3\/1\/16\/1f539.png\">&nbsp;En matin\u00e9e, les adh\u00e9rents de Grand CIEL se sont r\u00e9unis dans le cadre de la poursuite de leurs travaux de r\u00e9flexions autour des questions constitutives du r\u00e9seau.<\/p>\n\n\n\n<p><img decoding=\"async\" alt=\"\ud83d\udd39\" src=\"https:\/\/static.xx.fbcdn.net\/images\/emoji.php\/v9\/tf3\/1\/16\/1f539.png\">&nbsp;L\u2019apr\u00e8s-midi, une introduction sous forme de cadrage th\u00e9orique a \u00e9t\u00e9 propos\u00e9e en distanciel par Agathe Dumont, enseignante-chercheuse ind\u00e9pendante pour interroger la fili\u00e8re cirque en Europe.<\/p>\n\n\n\n<p><img decoding=\"async\" alt=\"\ud83d\udd39\" src=\"https:\/\/static.xx.fbcdn.net\/images\/emoji.php\/v9\/tf3\/1\/16\/1f539.png\">&nbsp;Un atelier interprofessionnel : Rencontres et \u00e9changes autour de la fili\u00e8re cirque \u00ab Comment imaginer l\u2019\u00e9cosyst\u00e8me circassien transfrontalier de demain ? \u00bb a ensuite \u00e9t\u00e9 propos\u00e9 en sous-groupes aux professionnels venus de France, d\u2019Allemagne et de Suisse.<\/p>\n\n\n\n<p>Cet atelier organis\u00e9 par le Palc permettait d\u2019aborder plusieurs questions centrales : &#8220;Quels apports concrets d\u2019une fili\u00e8re en direction des territoires sur lesquels elle s\u2019implante ? Le concept de fili\u00e8re permet il la diversit\u00e9 ? Quels r\u00f4les peuvent jouer les r\u00e9seaux dans la n\u00e9cessaire transition de ce secteur en se projetant \u00e0 long terme et en continuant la structuration ? Quel endroit de la fili\u00e8re privil\u00e9gier pour amorcer un travail de coop\u00e9ration en faveur d\u2019un \u00e9cosyst\u00e8me transfrontalier ?&#8221;<\/p>\n\n\n\n<p><img decoding=\"async\" src=\"https:\/\/static.xx.fbcdn.net\/images\/emoji.php\/v9\/tf3\/1\/16\/1f539.png\" alt=\"\ud83d\udd39\">\u00a0En marge de ces diff\u00e9rents temps de travail, les participants ont eu la possibilit\u00e9 d\u2019assister \u00e0 Balestra, le spectacle de fin d\u2019\u00e9tudes de la 34\u00e8me promotion du <a href=\"https:\/\/www.facebook.com\/CNACChalons?__cft__[0]=AZXJaLgEs5gEhgENztBo1ZHraKOXknkxDWfsbciwj_JKwCQcC-nMaRkS3qX6qFkKZUO8L0WuNvPDum7CQTOHkQBaOUbfSdGwHX-Hx4jG0dCbFEENqEHcxsUWUOkqCqaL9vcquriiEEqcozSLMoLFNG1DUP20xRaIpy-_fJ7NGhBQh1_EUTtMqJR-pS0BEufSdfBcfRB8639a7iCWH1zcDKY6&amp;__tn__=-]K-R\" target=\"_blank\" rel=\"noreferrer noopener\">Centre national des arts du cirque \/ CNAC<\/a> mis en sc\u00e8ne par Marie Molliens &#8211; <a href=\"https:\/\/www.facebook.com\/compagnierasposo?__cft__[0]=AZXJaLgEs5gEhgENztBo1ZHraKOXknkxDWfsbciwj_JKwCQcC-nMaRkS3qX6qFkKZUO8L0WuNvPDum7CQTOHkQBaOUbfSdGwHX-Hx4jG0dCbFEENqEHcxsUWUOkqCqaL9vcquriiEEqcozSLMoLFNG1DUP20xRaIpy-_fJ7NGhBQh1_EUTtMqJR-pS0BEufSdfBcfRB8639a7iCWH1zcDKY6&amp;__tn__=-]K-R\" target=\"_blank\" rel=\"noreferrer noopener\">Compagnie Rasposo &#8211; Officiel<\/a>, de voir le spectacle Vanthornout d\u2019Alexander Vantournout et de d\u00e9couvrir deux sorties de r\u00e9sidences de travaux en cours, celle de <a href=\"https:\/\/www.facebook.com\/DuoLilyandJanick?__cft__[0]=AZXJaLgEs5gEhgENztBo1ZHraKOXknkxDWfsbciwj_JKwCQcC-nMaRkS3qX6qFkKZUO8L0WuNvPDum7CQTOHkQBaOUbfSdGwHX-Hx4jG0dCbFEENqEHcxsUWUOkqCqaL9vcquriiEEqcozSLMoLFNG1DUP20xRaIpy-_fJ7NGhBQh1_EUTtMqJR-pS0BEufSdfBcfRB8639a7iCWH1zcDKY6&amp;__tn__=-]K-R\" target=\"_blank\" rel=\"noreferrer noopener\">Lily&amp;Janick &#8211; Hand to Hand Duo<\/a> et la cr\u00e9ation La Boule de Kim Marro &amp; Liam Lelarge.<\/p>\n\n\n\n<p>\ud835\ude50\ud835\ude63\ud835\ude5a \ud835\ude67\ud835\ude5e\ud835\ude58\ud835\ude5d\ud835\ude5a \ud835\ude5f\ud835\ude64\ud835\ude6a\ud835\ude67\ud835\ude63\ud835\ude5a\u0301\ud835\ude5a \ud835\ude59&#8217;\ud835\ude5a\u0301\ud835\ude58\ud835\ude5d\ud835\ude56\ud835\ude63\ud835\ude5c\ud835\ude5a\ud835\ude68 \ud835\ude5a\ud835\ude69 \ud835\ude59\ud835\ude5a \ud835\ude67\ud835\ude5a\ud835\ude63\ud835\ude58\ud835\ude64\ud835\ude63\ud835\ude69\ud835\ude67\ud835\ude5a\ud835\ude68 \ud835\ude5a\ud835\ude63\ud835\ude69\ud835\ude67\ud835\ude5a \ud835\ude56\ud835\ude67\ud835\ude69\ud835\ude5e\ud835\ude68\ud835\ude69\ud835\ude5a\ud835\ude68 \ud835\ude5a\ud835\ude69 \ud835\ude65\ud835\ude67\ud835\ude64\ud835\ude5b\ud835\ude5a\ud835\ude68\ud835\ude68\ud835\ude5e\ud835\ude64\ud835\ude63\ud835\ude63\ud835\ude5a\ud835\ude61\ud835\ude68 !<\/p>\n","protected":false},"excerpt":{"rendered":"<p>Le vendredi 2 d\u00e9cembre dernier, dans le cadre de la Pr\u00e9sidence fran\u00e7aise de la Grande R\u00e9gion 2021-2022 par la R\u00e9gion Grand Est, Le Palc &#8211; P\u00f4le National Cirque Grand Est, le r\u00e9seau Grand CIEL &#8211; Cirque en liens et la R\u00e9gion Grand Est, en partenariat avec le Centre national des arts du cirque \/ CNAC [&hellip;]<\/p>\n","protected":false},"author":1,"featured_media":595,"comment_status":"closed","ping_status":"closed","sticky":false,"template":"","format":"standard","meta":{"_uag_custom_page_level_css":"","footnotes":""},"categories":[14],"tags":[],"class_list":["post-594","post","type-post","status-publish","format-standard","has-post-thumbnail","hentry","category-actualites"],"mb":[],"yoast_head":"<!-- This site is optimized with the Yoast SEO plugin v27.2 - https:\/\/yoast.com\/product\/yoast-seo-wordpress\/ -->\n<title>RETOUR SUR LA RENCONTRE TRANSFRONTALIERE CIRQUE - Grand CIEL<\/title>\n<meta name=\"robots\" content=\"index, follow, max-snippet:-1, max-image-preview:large, max-video-preview:-1\" \/>\n<link rel=\"canonical\" href=\"https:\/\/grand-ciel.com\/2023-01-05-retour-sur-la-rencontre-transfrontaliere-cirque\/\" \/>\n<meta property=\"og:locale\" content=\"en_US\" \/>\n<meta property=\"og:type\" content=\"article\" \/>\n<meta property=\"og:title\" content=\"RETOUR SUR LA RENCONTRE TRANSFRONTALIERE CIRQUE - Grand CIEL\" \/>\n<meta property=\"og:description\" content=\"Le vendredi 2 d\u00e9cembre dernier, dans le cadre de la Pr\u00e9sidence fran\u00e7aise de la Grande R\u00e9gion 2021-2022 par la R\u00e9gion Grand Est, Le Palc &#8211; P\u00f4le National Cirque Grand Est, le r\u00e9seau Grand CIEL &#8211; Cirque en liens et la R\u00e9gion Grand Est, en partenariat avec le Centre national des arts du cirque \/ CNAC [&hellip;]\" \/>\n<meta property=\"og:url\" content=\"https:\/\/grand-ciel.com\/2023-01-05-retour-sur-la-rencontre-transfrontaliere-cirque\/\" \/>\n<meta property=\"og:site_name\" content=\"Grand CIEL\" \/>\n<meta property=\"article:publisher\" content=\"https:\/\/www.facebook.com\/grandcielcirque\" \/>\n<meta property=\"article:published_time\" content=\"2023-01-05T12:34:00+00:00\" \/>\n<meta property=\"article:modified_time\" content=\"2024-09-03T11:00:42+00:00\" \/>\n<meta property=\"og:image\" content=\"https:\/\/grand-ciel.com\/wp-content\/uploads\/2023\/05\/RPT_decembre_2022.jpg\" \/>\n\t<meta property=\"og:image:width\" content=\"950\" \/>\n\t<meta property=\"og:image:height\" content=\"455\" \/>\n\t<meta property=\"og:image:type\" content=\"image\/jpeg\" \/>\n<meta name=\"author\" content=\"admin-gciel-la\" \/>\n<meta name=\"twitter:card\" content=\"summary_large_image\" \/>\n<meta name=\"twitter:label1\" content=\"Written by\" \/>\n\t<meta name=\"twitter:data1\" content=\"admin-gciel-la\" \/>\n\t<meta name=\"twitter:label2\" content=\"Est. reading time\" \/>\n\t<meta name=\"twitter:data2\" content=\"2 minutes\" \/>\n<script type=\"application\/ld+json\" class=\"yoast-schema-graph\">{\"@context\":\"https:\/\/schema.org\",\"@graph\":[{\"@type\":\"Article\",\"@id\":\"https:\/\/grand-ciel.com\/2023-01-05-retour-sur-la-rencontre-transfrontaliere-cirque\/#article\",\"isPartOf\":{\"@id\":\"https:\/\/grand-ciel.com\/2023-01-05-retour-sur-la-rencontre-transfrontaliere-cirque\/\"},\"author\":{\"name\":\"admin-gciel-la\",\"@id\":\"https:\/\/grand-ciel.com\/#\/schema\/person\/32d02fd0e867821308f7c2c264e550ca\"},\"headline\":\"RETOUR SUR LA RENCONTRE TRANSFRONTALIERE CIRQUE\",\"datePublished\":\"2023-01-05T12:34:00+00:00\",\"dateModified\":\"2024-09-03T11:00:42+00:00\",\"mainEntityOfPage\":{\"@id\":\"https:\/\/grand-ciel.com\/2023-01-05-retour-sur-la-rencontre-transfrontaliere-cirque\/\"},\"wordCount\":385,\"publisher\":{\"@id\":\"https:\/\/grand-ciel.com\/#organization\"},\"image\":{\"@id\":\"https:\/\/grand-ciel.com\/2023-01-05-retour-sur-la-rencontre-transfrontaliere-cirque\/#primaryimage\"},\"thumbnailUrl\":\"https:\/\/grand-ciel.com\/wp-content\/uploads\/2023\/05\/RPT_decembre_2022.jpg\",\"articleSection\":[\"Actualit\u00e9s\"],\"inLanguage\":\"en-US\"},{\"@type\":\"WebPage\",\"@id\":\"https:\/\/grand-ciel.com\/2023-01-05-retour-sur-la-rencontre-transfrontaliere-cirque\/\",\"url\":\"https:\/\/grand-ciel.com\/2023-01-05-retour-sur-la-rencontre-transfrontaliere-cirque\/\",\"name\":\"RETOUR SUR LA RENCONTRE TRANSFRONTALIERE CIRQUE - Grand CIEL\",\"isPartOf\":{\"@id\":\"https:\/\/grand-ciel.com\/#website\"},\"primaryImageOfPage\":{\"@id\":\"https:\/\/grand-ciel.com\/2023-01-05-retour-sur-la-rencontre-transfrontaliere-cirque\/#primaryimage\"},\"image\":{\"@id\":\"https:\/\/grand-ciel.com\/2023-01-05-retour-sur-la-rencontre-transfrontaliere-cirque\/#primaryimage\"},\"thumbnailUrl\":\"https:\/\/grand-ciel.com\/wp-content\/uploads\/2023\/05\/RPT_decembre_2022.jpg\",\"datePublished\":\"2023-01-05T12:34:00+00:00\",\"dateModified\":\"2024-09-03T11:00:42+00:00\",\"breadcrumb\":{\"@id\":\"https:\/\/grand-ciel.com\/2023-01-05-retour-sur-la-rencontre-transfrontaliere-cirque\/#breadcrumb\"},\"inLanguage\":\"en-US\",\"potentialAction\":[{\"@type\":\"ReadAction\",\"target\":[\"https:\/\/grand-ciel.com\/2023-01-05-retour-sur-la-rencontre-transfrontaliere-cirque\/\"]}]},{\"@type\":\"ImageObject\",\"inLanguage\":\"en-US\",\"@id\":\"https:\/\/grand-ciel.com\/2023-01-05-retour-sur-la-rencontre-transfrontaliere-cirque\/#primaryimage\",\"url\":\"https:\/\/grand-ciel.com\/wp-content\/uploads\/2023\/05\/RPT_decembre_2022.jpg\",\"contentUrl\":\"https:\/\/grand-ciel.com\/wp-content\/uploads\/2023\/05\/RPT_decembre_2022.jpg\",\"width\":950,\"height\":455},{\"@type\":\"BreadcrumbList\",\"@id\":\"https:\/\/grand-ciel.com\/2023-01-05-retour-sur-la-rencontre-transfrontaliere-cirque\/#breadcrumb\",\"itemListElement\":[{\"@type\":\"ListItem\",\"position\":1,\"name\":\"Accueil\",\"item\":\"https:\/\/grand-ciel.com\/en\/home\/\"},{\"@type\":\"ListItem\",\"position\":2,\"name\":\"RETOUR SUR LA RENCONTRE TRANSFRONTALIERE CIRQUE\"}]},{\"@type\":\"WebSite\",\"@id\":\"https:\/\/grand-ciel.com\/#website\",\"url\":\"https:\/\/grand-ciel.com\/\",\"name\":\"Grand CIEL\",\"description\":\"\",\"publisher\":{\"@id\":\"https:\/\/grand-ciel.com\/#organization\"},\"potentialAction\":[{\"@type\":\"SearchAction\",\"target\":{\"@type\":\"EntryPoint\",\"urlTemplate\":\"https:\/\/grand-ciel.com\/?s={search_term_string}\"},\"query-input\":{\"@type\":\"PropertyValueSpecification\",\"valueRequired\":true,\"valueName\":\"search_term_string\"}}],\"inLanguage\":\"en-US\"},{\"@type\":\"Organization\",\"@id\":\"https:\/\/grand-ciel.com\/#organization\",\"name\":\"Grand CIEL\",\"url\":\"https:\/\/grand-ciel.com\/\",\"logo\":{\"@type\":\"ImageObject\",\"inLanguage\":\"en-US\",\"@id\":\"https:\/\/grand-ciel.com\/#\/schema\/logo\/image\/\",\"url\":\"https:\/\/grand-ciel.com\/wp-content\/uploads\/2023\/05\/logo_Grand_Ciel_orange_fond_bleu_250.jpg\",\"contentUrl\":\"https:\/\/grand-ciel.com\/wp-content\/uploads\/2023\/05\/logo_Grand_Ciel_orange_fond_bleu_250.jpg\",\"width\":250,\"height\":148,\"caption\":\"Grand CIEL\"},\"image\":{\"@id\":\"https:\/\/grand-ciel.com\/#\/schema\/logo\/image\/\"},\"sameAs\":[\"https:\/\/www.facebook.com\/grandcielcirque\"]},{\"@type\":\"Person\",\"@id\":\"https:\/\/grand-ciel.com\/#\/schema\/person\/32d02fd0e867821308f7c2c264e550ca\",\"name\":\"admin-gciel-la\",\"sameAs\":[\"https:\/\/grand-ciel.com\"]}]}<\/script>\n<!-- \/ Yoast SEO plugin. -->","yoast_head_json":{"title":"RETOUR SUR LA RENCONTRE TRANSFRONTALIERE CIRQUE - Grand CIEL","robots":{"index":"index","follow":"follow","max-snippet":"max-snippet:-1","max-image-preview":"max-image-preview:large","max-video-preview":"max-video-preview:-1"},"canonical":"https:\/\/grand-ciel.com\/2023-01-05-retour-sur-la-rencontre-transfrontaliere-cirque\/","og_locale":"en_US","og_type":"article","og_title":"RETOUR SUR LA RENCONTRE TRANSFRONTALIERE CIRQUE - Grand CIEL","og_description":"Le vendredi 2 d\u00e9cembre dernier, dans le cadre de la Pr\u00e9sidence fran\u00e7aise de la Grande R\u00e9gion 2021-2022 par la R\u00e9gion Grand Est, Le Palc &#8211; P\u00f4le National Cirque Grand Est, le r\u00e9seau Grand CIEL &#8211; Cirque en liens et la R\u00e9gion Grand Est, en partenariat avec le Centre national des arts du cirque \/ CNAC [&hellip;]","og_url":"https:\/\/grand-ciel.com\/2023-01-05-retour-sur-la-rencontre-transfrontaliere-cirque\/","og_site_name":"Grand CIEL","article_publisher":"https:\/\/www.facebook.com\/grandcielcirque","article_published_time":"2023-01-05T12:34:00+00:00","article_modified_time":"2024-09-03T11:00:42+00:00","og_image":[{"width":950,"height":455,"url":"https:\/\/grand-ciel.com\/wp-content\/uploads\/2023\/05\/RPT_decembre_2022.jpg","type":"image\/jpeg"}],"author":"admin-gciel-la","twitter_card":"summary_large_image","twitter_misc":{"Written by":"admin-gciel-la","Est. reading time":"2 minutes"},"schema":{"@context":"https:\/\/schema.org","@graph":[{"@type":"Article","@id":"https:\/\/grand-ciel.com\/2023-01-05-retour-sur-la-rencontre-transfrontaliere-cirque\/#article","isPartOf":{"@id":"https:\/\/grand-ciel.com\/2023-01-05-retour-sur-la-rencontre-transfrontaliere-cirque\/"},"author":{"name":"admin-gciel-la","@id":"https:\/\/grand-ciel.com\/#\/schema\/person\/32d02fd0e867821308f7c2c264e550ca"},"headline":"RETOUR SUR LA RENCONTRE TRANSFRONTALIERE CIRQUE","datePublished":"2023-01-05T12:34:00+00:00","dateModified":"2024-09-03T11:00:42+00:00","mainEntityOfPage":{"@id":"https:\/\/grand-ciel.com\/2023-01-05-retour-sur-la-rencontre-transfrontaliere-cirque\/"},"wordCount":385,"publisher":{"@id":"https:\/\/grand-ciel.com\/#organization"},"image":{"@id":"https:\/\/grand-ciel.com\/2023-01-05-retour-sur-la-rencontre-transfrontaliere-cirque\/#primaryimage"},"thumbnailUrl":"https:\/\/grand-ciel.com\/wp-content\/uploads\/2023\/05\/RPT_decembre_2022.jpg","articleSection":["Actualit\u00e9s"],"inLanguage":"en-US"},{"@type":"WebPage","@id":"https:\/\/grand-ciel.com\/2023-01-05-retour-sur-la-rencontre-transfrontaliere-cirque\/","url":"https:\/\/grand-ciel.com\/2023-01-05-retour-sur-la-rencontre-transfrontaliere-cirque\/","name":"RETOUR SUR LA RENCONTRE TRANSFRONTALIERE CIRQUE - Grand CIEL","isPartOf":{"@id":"https:\/\/grand-ciel.com\/#website"},"primaryImageOfPage":{"@id":"https:\/\/grand-ciel.com\/2023-01-05-retour-sur-la-rencontre-transfrontaliere-cirque\/#primaryimage"},"image":{"@id":"https:\/\/grand-ciel.com\/2023-01-05-retour-sur-la-rencontre-transfrontaliere-cirque\/#primaryimage"},"thumbnailUrl":"https:\/\/grand-ciel.com\/wp-content\/uploads\/2023\/05\/RPT_decembre_2022.jpg","datePublished":"2023-01-05T12:34:00+00:00","dateModified":"2024-09-03T11:00:42+00:00","breadcrumb":{"@id":"https:\/\/grand-ciel.com\/2023-01-05-retour-sur-la-rencontre-transfrontaliere-cirque\/#breadcrumb"},"inLanguage":"en-US","potentialAction":[{"@type":"ReadAction","target":["https:\/\/grand-ciel.com\/2023-01-05-retour-sur-la-rencontre-transfrontaliere-cirque\/"]}]},{"@type":"ImageObject","inLanguage":"en-US","@id":"https:\/\/grand-ciel.com\/2023-01-05-retour-sur-la-rencontre-transfrontaliere-cirque\/#primaryimage","url":"https:\/\/grand-ciel.com\/wp-content\/uploads\/2023\/05\/RPT_decembre_2022.jpg","contentUrl":"https:\/\/grand-ciel.com\/wp-content\/uploads\/2023\/05\/RPT_decembre_2022.jpg","width":950,"height":455},{"@type":"BreadcrumbList","@id":"https:\/\/grand-ciel.com\/2023-01-05-retour-sur-la-rencontre-transfrontaliere-cirque\/#breadcrumb","itemListElement":[{"@type":"ListItem","position":1,"name":"Accueil","item":"https:\/\/grand-ciel.com\/en\/home\/"},{"@type":"ListItem","position":2,"name":"RETOUR SUR LA RENCONTRE TRANSFRONTALIERE CIRQUE"}]},{"@type":"WebSite","@id":"https:\/\/grand-ciel.com\/#website","url":"https:\/\/grand-ciel.com\/","name":"Grand CIEL","description":"","publisher":{"@id":"https:\/\/grand-ciel.com\/#organization"},"potentialAction":[{"@type":"SearchAction","target":{"@type":"EntryPoint","urlTemplate":"https:\/\/grand-ciel.com\/?s={search_term_string}"},"query-input":{"@type":"PropertyValueSpecification","valueRequired":true,"valueName":"search_term_string"}}],"inLanguage":"en-US"},{"@type":"Organization","@id":"https:\/\/grand-ciel.com\/#organization","name":"Grand CIEL","url":"https:\/\/grand-ciel.com\/","logo":{"@type":"ImageObject","inLanguage":"en-US","@id":"https:\/\/grand-ciel.com\/#\/schema\/logo\/image\/","url":"https:\/\/grand-ciel.com\/wp-content\/uploads\/2023\/05\/logo_Grand_Ciel_orange_fond_bleu_250.jpg","contentUrl":"https:\/\/grand-ciel.com\/wp-content\/uploads\/2023\/05\/logo_Grand_Ciel_orange_fond_bleu_250.jpg","width":250,"height":148,"caption":"Grand CIEL"},"image":{"@id":"https:\/\/grand-ciel.com\/#\/schema\/logo\/image\/"},"sameAs":["https:\/\/www.facebook.com\/grandcielcirque"]},{"@type":"Person","@id":"https:\/\/grand-ciel.com\/#\/schema\/person\/32d02fd0e867821308f7c2c264e550ca","name":"admin-gciel-la","sameAs":["https:\/\/grand-ciel.com"]}]}},"uagb_featured_image_src":{"full":["https:\/\/grand-ciel.com\/wp-content\/uploads\/2023\/05\/RPT_decembre_2022.jpg",950,455,false],"thumbnail":["https:\/\/grand-ciel.com\/wp-content\/uploads\/2023\/05\/RPT_decembre_2022-150x150.jpg",150,150,true],"medium":["https:\/\/grand-ciel.com\/wp-content\/uploads\/2023\/05\/RPT_decembre_2022-480x230.jpg",480,230,true],"medium_large":["https:\/\/grand-ciel.com\/wp-content\/uploads\/2023\/05\/RPT_decembre_2022-768x368.jpg",768,368,true],"large":["https:\/\/grand-ciel.com\/wp-content\/uploads\/2023\/05\/RPT_decembre_2022.jpg",950,455,false],"gs-tiny":["https:\/\/grand-ciel.com\/wp-content\/uploads\/2023\/05\/RPT_decembre_2022.jpg",50,24,false],"xl":["https:\/\/grand-ciel.com\/wp-content\/uploads\/2023\/05\/RPT_decembre_2022.jpg",950,455,false],"xxl":["https:\/\/grand-ciel.com\/wp-content\/uploads\/2023\/05\/RPT_decembre_2022.jpg",950,455,false],"xxxl":["https:\/\/grand-ciel.com\/wp-content\/uploads\/2023\/05\/RPT_decembre_2022.jpg",950,455,false],"xxxxl":["https:\/\/grand-ciel.com\/wp-content\/uploads\/2023\/05\/RPT_decembre_2022.jpg",950,455,false],"xxxxxl":["https:\/\/grand-ciel.com\/wp-content\/uploads\/2023\/05\/RPT_decembre_2022.jpg",950,455,false],"1536x1536":["https:\/\/grand-ciel.com\/wp-content\/uploads\/2023\/05\/RPT_decembre_2022.jpg",950,455,false],"2048x2048":["https:\/\/grand-ciel.com\/wp-content\/uploads\/2023\/05\/RPT_decembre_2022.jpg",950,455,false]},"uagb_author_info":{"display_name":"admin-gciel-la","author_link":"https:\/\/grand-ciel.com\/en\/author\/admin-gciel-la\/"},"uagb_comment_info":0,"uagb_excerpt":"Le vendredi 2 d\u00e9cembre dernier, dans le cadre de la Pr\u00e9sidence fran\u00e7aise de la Grande R\u00e9gion 2021-2022 par la R\u00e9gion Grand Est, Le Palc &#8211; P\u00f4le National Cirque Grand Est, le r\u00e9seau Grand CIEL &#8211; Cirque en liens et la R\u00e9gion Grand Est, en partenariat avec le Centre national des arts du cirque \/ CNAC&hellip;","mfb_rest_fields":["title","yoast_head","yoast_head_json","uagb_featured_image_src","uagb_author_info","uagb_comment_info","uagb_excerpt"],"_links":{"self":[{"href":"https:\/\/grand-ciel.com\/en\/wp-json\/wp\/v2\/posts\/594","targetHints":{"allow":["GET"]}}],"collection":[{"href":"https:\/\/grand-ciel.com\/en\/wp-json\/wp\/v2\/posts"}],"about":[{"href":"https:\/\/grand-ciel.com\/en\/wp-json\/wp\/v2\/types\/post"}],"author":[{"embeddable":true,"href":"https:\/\/grand-ciel.com\/en\/wp-json\/wp\/v2\/users\/1"}],"replies":[{"embeddable":true,"href":"https:\/\/grand-ciel.com\/en\/wp-json\/wp\/v2\/comments?post=594"}],"version-history":[{"count":1,"href":"https:\/\/grand-ciel.com\/en\/wp-json\/wp\/v2\/posts\/594\/revisions"}],"predecessor-version":[{"id":596,"href":"https:\/\/grand-ciel.com\/en\/wp-json\/wp\/v2\/posts\/594\/revisions\/596"}],"wp:featuredmedia":[{"embeddable":true,"href":"https:\/\/grand-ciel.com\/en\/wp-json\/wp\/v2\/media\/595"}],"wp:attachment":[{"href":"https:\/\/grand-ciel.com\/en\/wp-json\/wp\/v2\/media?parent=594"}],"wp:term":[{"taxonomy":"category","embeddable":true,"href":"https:\/\/grand-ciel.com\/en\/wp-json\/wp\/v2\/categories?post=594"},{"taxonomy":"post_tag","embeddable":true,"href":"https:\/\/grand-ciel.com\/en\/wp-json\/wp\/v2\/tags?post=594"}],"curies":[{"name":"wp","href":"https:\/\/api.w.org\/{rel}","templated":true}]}}