{"id":562,"date":"2022-09-20T13:02:00","date_gmt":"2022-09-20T11:02:00","guid":{"rendered":"https:\/\/grand-ciel.com\/?p=562"},"modified":"2024-09-03T13:00:43","modified_gmt":"2024-09-03T11:00:43","slug":"retour-sur-notre-webinaire-transition-ecologique","status":"publish","type":"post","link":"https:\/\/grand-ciel.com\/en\/2022-09-20-retour-sur-notre-webinaire-transition-ecologique\/","title":{"rendered":"RETOUR SUR NOTRE WEBINAIRE TRANSITION ECOLOGIQUE"},"content":{"rendered":"\n<p>Mardi 20 septembre 2022, s\u2019est tenu notre premier Webinaire-Atelier autour des questions de transition \u00e9cologique du cirque de cr\u00e9ation.<\/p>\n\n\n\n<p>Anim\u00e9e par Olivier Pastor, cette rencontre a permis \u00e0 pr\u00e8s de 30 participants d\u2019entendre le pr\u00e9cieux t\u00e9moignage d\u2019<strong>Hugo Claude<\/strong>, charg\u00e9 de production et de diffusion de la&nbsp;<strong>Cie La Migration&nbsp;<\/strong>qui m\u00e8ne, depuis 4 ans, un important travail de transition de ses modes de production, d\u2019administration, mais aussi de cr\u00e9ation, en se donnant comme cadre une prise de conscience \u00e9cologique et sociale.<\/p>\n\n\n\n<p><strong>Ce t\u00e9moignage a permis de rappeler l\u2019urgence pour le r\u00e9seau de s&#8217;interroger plus largement sur la question des tourn\u00e9es raisonn\u00e9es et coh\u00e9rentes.<\/strong><\/p>\n\n\n\n<p>Dans un second temps, Olivier Pastor nous a invit\u00e9 \u00e0 r\u00e9fl\u00e9chir aux&nbsp;<strong>enjeux de la coop\u00e9ration<\/strong>&nbsp;sans se placer imm\u00e9diatement du c\u00f4t\u00e9 de la recherche de solutions, mais plut\u00f4t en faisant un pas de c\u00f4t\u00e9 et en nous (r\u00e9)interrogeant sur ce ce qui fait du sens pour nous, r\u00e9seau, sur&nbsp;<strong>ce qui fait de nous un collectif<\/strong>.<\/p>\n\n\n\n<p>Nous avons pu \u00e9prouver aux c\u00f4t\u00e9s de nos partenaires nombreux (nous les en remercions chaleureusement !) ce qu\u2019est pour nous l&#8217;identit\u00e9 du r\u00e9seau Grand CIEL, sa sp\u00e9cificit\u00e9, son ADN.<\/p>\n\n\n\n<p>Le temps d\u2019un constat optimiste, il a aussi sembl\u00e9 pr\u00e9cieux de se dire \u00e0 nouveau ce qui nous rassemble et ce dont nous avons besoin dans ce processus en cours :<strong>&nbsp;la convivialit\u00e9, la solidarit\u00e9, le partage, l\u2019exemplarit\u00e9, mais aussi le besoin de renouer avec du sensible, du plaisir artistique.<\/strong><\/p>\n\n\n\n<p>Ces discussions nous invitent collectivement \u00e0 nous reconnecter \u00e0 nos ressentis, \u00e0 \u00eatre \u00e0 l\u2019\u00e9coute de nos \u00e9cosyst\u00e8mes, \u00e0 adapter nos fonctionnements.<\/p>\n\n\n\n<p>Un grand merci \u00e0 nos intervenants, \u00e0 tous les participants et \u00e0 nos partenaires pr\u00e9sents \u00e0 nos c\u00f4t\u00e9s pour accompagner cette transition, ces questionnements et la (re)d\u00e9finition de ce qui fait sens pour nous, Grand CIEL.&nbsp;Ce potentiel d\u2019\u00e9nergie collective, nous souhaitons le mettre \u00e0 profit dans les prochains mois pour nous engager vers la production d\u2019outils qui r\u00e9pondent aux imp\u00e9ratifs de transition, tout en continuant d\u2019\u201cilluminer notre ciel commun\u201d.<\/p>\n\n\n\n<h5 class=\"wp-block-heading\">\u00ab \ud835\udc73\ud835\udc86\ud835\udc94 \ud835\udc88\ud835\udc93\ud835\udc82\ud835\udc8f\ud835\udc85\ud835\udc94 \ud835\udc86\ud835\udc8f\ud835\udc8b\ud835\udc86\ud835\udc96\ud835\udc99 \ud835\udc85\ud835\udc86 \ud835\udc8d&#8217;\ud835\udc89\ud835\udc96\ud835\udc8e\ud835\udc82\ud835\udc8f\ud835\udc8a\ud835\udc95\ud835\udc86\u0301 \ud835\udc8f\ud835\udc86 \ud835\udc94\ud835\udc90\ud835\udc8f\ud835\udc95 \ud835\udc91\ud835\udc82\ud835\udc94 \ud835\udc95\ud835\udc82\ud835\udc8f\ud835\udc95 \ud835\udc8d\ud835\udc86\ud835\udc94 \ud835\udc91\ud835\udc93\ud835\udc90\ud835\udc83\ud835\udc8d\ud835\udc86\u0301\ud835\udc8e\ud835\udc82\ud835\udc95\ud835\udc8a\ud835\udc92\ud835\udc96\ud835\udc86\ud835\udc94 \ud835\udc94\ud835\udc90\ud835\udc84\ud835\udc8a\ud835\udc82\ud835\udc8d\ud835\udc86\ud835\udc94, \ud835\udc86\ud835\udc8f\ud835\udc97\ud835\udc8a\ud835\udc93\ud835\udc90\ud835\udc8f\ud835\udc8f\ud835\udc86\ud835\udc8e\ud835\udc86\ud835\udc8f\ud835\udc95\ud835\udc82\ud835\udc8d\ud835\udc86\ud835\udc94 \ud835\udc90\ud835\udc96 \ud835\udc86\u0301\ud835\udc84\ud835\udc90\ud835\udc8f\ud835\udc90\ud835\udc8e\ud835\udc8a\ud835\udc92\ud835\udc96\ud835\udc86\ud835\udc94 \ud835\udc92\ud835\udc96\ud835\udc86 \ud835\udc8d\ud835\udc86 \ud835\udc85\ud835\udc86\u0301\ud835\udc97\ud835\udc86\ud835\udc8d\ud835\udc90\ud835\udc91\ud835\udc91\ud835\udc86\ud835\udc8e\ud835\udc86\ud835\udc8f\ud835\udc95 \ud835\udc85\ud835\udc86 \ud835\udc8f\ud835\udc90\ud835\udc95\ud835\udc93\ud835\udc86 \ud835\udc84\ud835\udc82\ud835\udc91\ud835\udc82\ud835\udc84\ud835\udc8a\ud835\udc95\ud835\udc86\u0301 \ud835\udc82\u0300 \ud835\udc84\ud835\udc90\ud835\udc90\ud835\udc91\ud835\udc86\u0301\ud835\udc93\ud835\udc86\ud835\udc93 \ud835\udc91\ud835\udc90\ud835\udc96\ud835\udc93 \ud835\udc8d\ud835\udc86\ud835\udc94 \ud835\udc93\ud835\udc86\u0301\ud835\udc94\ud835\udc90\ud835\udc96\ud835\udc85\ud835\udc93\ud835\udc86 \u00bb.<\/h5>\n\n\n\n<p><strong>>> Pour revisionner\u00a0ce webinaire sur Youtube :\u00a0<\/strong><a href=\"https:\/\/youtu.be\/CFeAVrL8nlU?utm_source=Grand+CIEL&amp;utm_campaign=0655fac6f4-EMAIL_CAMPAIGN_2022_09_28_08_39&amp;utm_medium=email&amp;utm_term=0_ed16ee297c-0655fac6f4-\" target=\"_blank\" rel=\"noreferrer noopener\">c&#8217;est par ici !<\/a><\/p>\n","protected":false},"excerpt":{"rendered":"<p>Mardi 20 septembre 2022, s\u2019est tenu notre premier Webinaire-Atelier autour des questions de transition \u00e9cologique du cirque de cr\u00e9ation. Anim\u00e9e par Olivier Pastor, cette rencontre a permis \u00e0 pr\u00e8s de 30 participants d\u2019entendre le pr\u00e9cieux t\u00e9moignage d\u2019Hugo Claude, charg\u00e9 de production et de diffusion de la&nbsp;Cie La Migration&nbsp;qui m\u00e8ne, depuis 4 ans, un important travail [&hellip;]<\/p>\n","protected":false},"author":1,"featured_media":564,"comment_status":"closed","ping_status":"closed","sticky":false,"template":"","format":"standard","meta":{"_uag_custom_page_level_css":"","footnotes":""},"categories":[14],"tags":[],"class_list":["post-562","post","type-post","status-publish","format-standard","has-post-thumbnail","hentry","category-actualites"],"mb":[],"yoast_head":"<!-- This site is optimized with the Yoast SEO plugin v27.2 - https:\/\/yoast.com\/product\/yoast-seo-wordpress\/ -->\n<title>RETOUR SUR NOTRE WEBINAIRE TRANSITION ECOLOGIQUE - Grand CIEL<\/title>\n<meta name=\"robots\" content=\"index, follow, max-snippet:-1, max-image-preview:large, max-video-preview:-1\" \/>\n<link rel=\"canonical\" href=\"https:\/\/grand-ciel.com\/2022-09-20-retour-sur-notre-webinaire-transition-ecologique\/\" \/>\n<meta property=\"og:locale\" content=\"en_US\" \/>\n<meta property=\"og:type\" content=\"article\" \/>\n<meta property=\"og:title\" content=\"RETOUR SUR NOTRE WEBINAIRE TRANSITION ECOLOGIQUE - Grand CIEL\" \/>\n<meta property=\"og:description\" content=\"Mardi 20 septembre 2022, s\u2019est tenu notre premier Webinaire-Atelier autour des questions de transition \u00e9cologique du cirque de cr\u00e9ation. Anim\u00e9e par Olivier Pastor, cette rencontre a permis \u00e0 pr\u00e8s de 30 participants d\u2019entendre le pr\u00e9cieux t\u00e9moignage d\u2019Hugo Claude, charg\u00e9 de production et de diffusion de la&nbsp;Cie La Migration&nbsp;qui m\u00e8ne, depuis 4 ans, un important travail [&hellip;]\" \/>\n<meta property=\"og:url\" content=\"https:\/\/grand-ciel.com\/2022-09-20-retour-sur-notre-webinaire-transition-ecologique\/\" \/>\n<meta property=\"og:site_name\" content=\"Grand CIEL\" \/>\n<meta property=\"article:publisher\" content=\"https:\/\/www.facebook.com\/grandcielcirque\" \/>\n<meta property=\"article:published_time\" content=\"2022-09-20T11:02:00+00:00\" \/>\n<meta property=\"article:modified_time\" content=\"2024-09-03T11:00:43+00:00\" \/>\n<meta property=\"og:image\" content=\"https:\/\/grand-ciel.com\/wp-content\/uploads\/2022\/09\/Transition-ecologique_banniere.jpg\" \/>\n\t<meta property=\"og:image:width\" content=\"950\" \/>\n\t<meta property=\"og:image:height\" content=\"455\" \/>\n\t<meta property=\"og:image:type\" content=\"image\/jpeg\" \/>\n<meta name=\"author\" content=\"admin-gciel-la\" \/>\n<meta name=\"twitter:card\" content=\"summary_large_image\" \/>\n<meta name=\"twitter:label1\" content=\"Written by\" \/>\n\t<meta name=\"twitter:data1\" content=\"admin-gciel-la\" \/>\n\t<meta name=\"twitter:label2\" content=\"Est. reading time\" \/>\n\t<meta name=\"twitter:data2\" content=\"2 minutes\" \/>\n<script type=\"application\/ld+json\" class=\"yoast-schema-graph\">{\"@context\":\"https:\/\/schema.org\",\"@graph\":[{\"@type\":\"Article\",\"@id\":\"https:\/\/grand-ciel.com\/2022-09-20-retour-sur-notre-webinaire-transition-ecologique\/#article\",\"isPartOf\":{\"@id\":\"https:\/\/grand-ciel.com\/2022-09-20-retour-sur-notre-webinaire-transition-ecologique\/\"},\"author\":{\"name\":\"admin-gciel-la\",\"@id\":\"https:\/\/grand-ciel.com\/#\/schema\/person\/32d02fd0e867821308f7c2c264e550ca\"},\"headline\":\"RETOUR SUR NOTRE WEBINAIRE TRANSITION ECOLOGIQUE\",\"datePublished\":\"2022-09-20T11:02:00+00:00\",\"dateModified\":\"2024-09-03T11:00:43+00:00\",\"mainEntityOfPage\":{\"@id\":\"https:\/\/grand-ciel.com\/2022-09-20-retour-sur-notre-webinaire-transition-ecologique\/\"},\"wordCount\":383,\"publisher\":{\"@id\":\"https:\/\/grand-ciel.com\/#organization\"},\"image\":{\"@id\":\"https:\/\/grand-ciel.com\/2022-09-20-retour-sur-notre-webinaire-transition-ecologique\/#primaryimage\"},\"thumbnailUrl\":\"https:\/\/grand-ciel.com\/wp-content\/uploads\/2022\/09\/Transition-ecologique_banniere.jpg\",\"articleSection\":[\"Actualit\u00e9s\"],\"inLanguage\":\"en-US\"},{\"@type\":\"WebPage\",\"@id\":\"https:\/\/grand-ciel.com\/2022-09-20-retour-sur-notre-webinaire-transition-ecologique\/\",\"url\":\"https:\/\/grand-ciel.com\/2022-09-20-retour-sur-notre-webinaire-transition-ecologique\/\",\"name\":\"RETOUR SUR NOTRE WEBINAIRE TRANSITION ECOLOGIQUE - Grand CIEL\",\"isPartOf\":{\"@id\":\"https:\/\/grand-ciel.com\/#website\"},\"primaryImageOfPage\":{\"@id\":\"https:\/\/grand-ciel.com\/2022-09-20-retour-sur-notre-webinaire-transition-ecologique\/#primaryimage\"},\"image\":{\"@id\":\"https:\/\/grand-ciel.com\/2022-09-20-retour-sur-notre-webinaire-transition-ecologique\/#primaryimage\"},\"thumbnailUrl\":\"https:\/\/grand-ciel.com\/wp-content\/uploads\/2022\/09\/Transition-ecologique_banniere.jpg\",\"datePublished\":\"2022-09-20T11:02:00+00:00\",\"dateModified\":\"2024-09-03T11:00:43+00:00\",\"breadcrumb\":{\"@id\":\"https:\/\/grand-ciel.com\/2022-09-20-retour-sur-notre-webinaire-transition-ecologique\/#breadcrumb\"},\"inLanguage\":\"en-US\",\"potentialAction\":[{\"@type\":\"ReadAction\",\"target\":[\"https:\/\/grand-ciel.com\/2022-09-20-retour-sur-notre-webinaire-transition-ecologique\/\"]}]},{\"@type\":\"ImageObject\",\"inLanguage\":\"en-US\",\"@id\":\"https:\/\/grand-ciel.com\/2022-09-20-retour-sur-notre-webinaire-transition-ecologique\/#primaryimage\",\"url\":\"https:\/\/grand-ciel.com\/wp-content\/uploads\/2022\/09\/Transition-ecologique_banniere.jpg\",\"contentUrl\":\"https:\/\/grand-ciel.com\/wp-content\/uploads\/2022\/09\/Transition-ecologique_banniere.jpg\",\"width\":950,\"height\":455},{\"@type\":\"BreadcrumbList\",\"@id\":\"https:\/\/grand-ciel.com\/2022-09-20-retour-sur-notre-webinaire-transition-ecologique\/#breadcrumb\",\"itemListElement\":[{\"@type\":\"ListItem\",\"position\":1,\"name\":\"Accueil\",\"item\":\"https:\/\/grand-ciel.com\/en\/home\/\"},{\"@type\":\"ListItem\",\"position\":2,\"name\":\"RETOUR SUR NOTRE WEBINAIRE TRANSITION ECOLOGIQUE\"}]},{\"@type\":\"WebSite\",\"@id\":\"https:\/\/grand-ciel.com\/#website\",\"url\":\"https:\/\/grand-ciel.com\/\",\"name\":\"Grand CIEL\",\"description\":\"\",\"publisher\":{\"@id\":\"https:\/\/grand-ciel.com\/#organization\"},\"potentialAction\":[{\"@type\":\"SearchAction\",\"target\":{\"@type\":\"EntryPoint\",\"urlTemplate\":\"https:\/\/grand-ciel.com\/?s={search_term_string}\"},\"query-input\":{\"@type\":\"PropertyValueSpecification\",\"valueRequired\":true,\"valueName\":\"search_term_string\"}}],\"inLanguage\":\"en-US\"},{\"@type\":\"Organization\",\"@id\":\"https:\/\/grand-ciel.com\/#organization\",\"name\":\"Grand CIEL\",\"url\":\"https:\/\/grand-ciel.com\/\",\"logo\":{\"@type\":\"ImageObject\",\"inLanguage\":\"en-US\",\"@id\":\"https:\/\/grand-ciel.com\/#\/schema\/logo\/image\/\",\"url\":\"https:\/\/grand-ciel.com\/wp-content\/uploads\/2023\/05\/logo_Grand_Ciel_orange_fond_bleu_250.jpg\",\"contentUrl\":\"https:\/\/grand-ciel.com\/wp-content\/uploads\/2023\/05\/logo_Grand_Ciel_orange_fond_bleu_250.jpg\",\"width\":250,\"height\":148,\"caption\":\"Grand CIEL\"},\"image\":{\"@id\":\"https:\/\/grand-ciel.com\/#\/schema\/logo\/image\/\"},\"sameAs\":[\"https:\/\/www.facebook.com\/grandcielcirque\"]},{\"@type\":\"Person\",\"@id\":\"https:\/\/grand-ciel.com\/#\/schema\/person\/32d02fd0e867821308f7c2c264e550ca\",\"name\":\"admin-gciel-la\",\"sameAs\":[\"https:\/\/grand-ciel.com\"]}]}<\/script>\n<!-- \/ Yoast SEO plugin. -->","yoast_head_json":{"title":"RETOUR SUR NOTRE WEBINAIRE TRANSITION ECOLOGIQUE - Grand CIEL","robots":{"index":"index","follow":"follow","max-snippet":"max-snippet:-1","max-image-preview":"max-image-preview:large","max-video-preview":"max-video-preview:-1"},"canonical":"https:\/\/grand-ciel.com\/2022-09-20-retour-sur-notre-webinaire-transition-ecologique\/","og_locale":"en_US","og_type":"article","og_title":"RETOUR SUR NOTRE WEBINAIRE TRANSITION ECOLOGIQUE - Grand CIEL","og_description":"Mardi 20 septembre 2022, s\u2019est tenu notre premier Webinaire-Atelier autour des questions de transition \u00e9cologique du cirque de cr\u00e9ation. Anim\u00e9e par Olivier Pastor, cette rencontre a permis \u00e0 pr\u00e8s de 30 participants d\u2019entendre le pr\u00e9cieux t\u00e9moignage d\u2019Hugo Claude, charg\u00e9 de production et de diffusion de la&nbsp;Cie La Migration&nbsp;qui m\u00e8ne, depuis 4 ans, un important travail [&hellip;]","og_url":"https:\/\/grand-ciel.com\/2022-09-20-retour-sur-notre-webinaire-transition-ecologique\/","og_site_name":"Grand CIEL","article_publisher":"https:\/\/www.facebook.com\/grandcielcirque","article_published_time":"2022-09-20T11:02:00+00:00","article_modified_time":"2024-09-03T11:00:43+00:00","og_image":[{"width":950,"height":455,"url":"https:\/\/grand-ciel.com\/wp-content\/uploads\/2022\/09\/Transition-ecologique_banniere.jpg","type":"image\/jpeg"}],"author":"admin-gciel-la","twitter_card":"summary_large_image","twitter_misc":{"Written by":"admin-gciel-la","Est. reading time":"2 minutes"},"schema":{"@context":"https:\/\/schema.org","@graph":[{"@type":"Article","@id":"https:\/\/grand-ciel.com\/2022-09-20-retour-sur-notre-webinaire-transition-ecologique\/#article","isPartOf":{"@id":"https:\/\/grand-ciel.com\/2022-09-20-retour-sur-notre-webinaire-transition-ecologique\/"},"author":{"name":"admin-gciel-la","@id":"https:\/\/grand-ciel.com\/#\/schema\/person\/32d02fd0e867821308f7c2c264e550ca"},"headline":"RETOUR SUR NOTRE WEBINAIRE TRANSITION ECOLOGIQUE","datePublished":"2022-09-20T11:02:00+00:00","dateModified":"2024-09-03T11:00:43+00:00","mainEntityOfPage":{"@id":"https:\/\/grand-ciel.com\/2022-09-20-retour-sur-notre-webinaire-transition-ecologique\/"},"wordCount":383,"publisher":{"@id":"https:\/\/grand-ciel.com\/#organization"},"image":{"@id":"https:\/\/grand-ciel.com\/2022-09-20-retour-sur-notre-webinaire-transition-ecologique\/#primaryimage"},"thumbnailUrl":"https:\/\/grand-ciel.com\/wp-content\/uploads\/2022\/09\/Transition-ecologique_banniere.jpg","articleSection":["Actualit\u00e9s"],"inLanguage":"en-US"},{"@type":"WebPage","@id":"https:\/\/grand-ciel.com\/2022-09-20-retour-sur-notre-webinaire-transition-ecologique\/","url":"https:\/\/grand-ciel.com\/2022-09-20-retour-sur-notre-webinaire-transition-ecologique\/","name":"RETOUR SUR NOTRE WEBINAIRE TRANSITION ECOLOGIQUE - Grand CIEL","isPartOf":{"@id":"https:\/\/grand-ciel.com\/#website"},"primaryImageOfPage":{"@id":"https:\/\/grand-ciel.com\/2022-09-20-retour-sur-notre-webinaire-transition-ecologique\/#primaryimage"},"image":{"@id":"https:\/\/grand-ciel.com\/2022-09-20-retour-sur-notre-webinaire-transition-ecologique\/#primaryimage"},"thumbnailUrl":"https:\/\/grand-ciel.com\/wp-content\/uploads\/2022\/09\/Transition-ecologique_banniere.jpg","datePublished":"2022-09-20T11:02:00+00:00","dateModified":"2024-09-03T11:00:43+00:00","breadcrumb":{"@id":"https:\/\/grand-ciel.com\/2022-09-20-retour-sur-notre-webinaire-transition-ecologique\/#breadcrumb"},"inLanguage":"en-US","potentialAction":[{"@type":"ReadAction","target":["https:\/\/grand-ciel.com\/2022-09-20-retour-sur-notre-webinaire-transition-ecologique\/"]}]},{"@type":"ImageObject","inLanguage":"en-US","@id":"https:\/\/grand-ciel.com\/2022-09-20-retour-sur-notre-webinaire-transition-ecologique\/#primaryimage","url":"https:\/\/grand-ciel.com\/wp-content\/uploads\/2022\/09\/Transition-ecologique_banniere.jpg","contentUrl":"https:\/\/grand-ciel.com\/wp-content\/uploads\/2022\/09\/Transition-ecologique_banniere.jpg","width":950,"height":455},{"@type":"BreadcrumbList","@id":"https:\/\/grand-ciel.com\/2022-09-20-retour-sur-notre-webinaire-transition-ecologique\/#breadcrumb","itemListElement":[{"@type":"ListItem","position":1,"name":"Accueil","item":"https:\/\/grand-ciel.com\/en\/home\/"},{"@type":"ListItem","position":2,"name":"RETOUR SUR NOTRE WEBINAIRE TRANSITION ECOLOGIQUE"}]},{"@type":"WebSite","@id":"https:\/\/grand-ciel.com\/#website","url":"https:\/\/grand-ciel.com\/","name":"Grand CIEL","description":"","publisher":{"@id":"https:\/\/grand-ciel.com\/#organization"},"potentialAction":[{"@type":"SearchAction","target":{"@type":"EntryPoint","urlTemplate":"https:\/\/grand-ciel.com\/?s={search_term_string}"},"query-input":{"@type":"PropertyValueSpecification","valueRequired":true,"valueName":"search_term_string"}}],"inLanguage":"en-US"},{"@type":"Organization","@id":"https:\/\/grand-ciel.com\/#organization","name":"Grand CIEL","url":"https:\/\/grand-ciel.com\/","logo":{"@type":"ImageObject","inLanguage":"en-US","@id":"https:\/\/grand-ciel.com\/#\/schema\/logo\/image\/","url":"https:\/\/grand-ciel.com\/wp-content\/uploads\/2023\/05\/logo_Grand_Ciel_orange_fond_bleu_250.jpg","contentUrl":"https:\/\/grand-ciel.com\/wp-content\/uploads\/2023\/05\/logo_Grand_Ciel_orange_fond_bleu_250.jpg","width":250,"height":148,"caption":"Grand CIEL"},"image":{"@id":"https:\/\/grand-ciel.com\/#\/schema\/logo\/image\/"},"sameAs":["https:\/\/www.facebook.com\/grandcielcirque"]},{"@type":"Person","@id":"https:\/\/grand-ciel.com\/#\/schema\/person\/32d02fd0e867821308f7c2c264e550ca","name":"admin-gciel-la","sameAs":["https:\/\/grand-ciel.com"]}]}},"uagb_featured_image_src":{"full":["https:\/\/grand-ciel.com\/wp-content\/uploads\/2022\/09\/Transition-ecologique_banniere.jpg",950,455,false],"thumbnail":["https:\/\/grand-ciel.com\/wp-content\/uploads\/2022\/09\/Transition-ecologique_banniere-150x150.jpg",150,150,true],"medium":["https:\/\/grand-ciel.com\/wp-content\/uploads\/2022\/09\/Transition-ecologique_banniere-480x230.jpg",480,230,true],"medium_large":["https:\/\/grand-ciel.com\/wp-content\/uploads\/2022\/09\/Transition-ecologique_banniere-768x368.jpg",768,368,true],"large":["https:\/\/grand-ciel.com\/wp-content\/uploads\/2022\/09\/Transition-ecologique_banniere.jpg",950,455,false],"gs-tiny":["https:\/\/grand-ciel.com\/wp-content\/uploads\/2022\/09\/Transition-ecologique_banniere.jpg",50,24,false],"xl":["https:\/\/grand-ciel.com\/wp-content\/uploads\/2022\/09\/Transition-ecologique_banniere.jpg",950,455,false],"xxl":["https:\/\/grand-ciel.com\/wp-content\/uploads\/2022\/09\/Transition-ecologique_banniere.jpg",950,455,false],"xxxl":["https:\/\/grand-ciel.com\/wp-content\/uploads\/2022\/09\/Transition-ecologique_banniere.jpg",950,455,false],"xxxxl":["https:\/\/grand-ciel.com\/wp-content\/uploads\/2022\/09\/Transition-ecologique_banniere.jpg",950,455,false],"xxxxxl":["https:\/\/grand-ciel.com\/wp-content\/uploads\/2022\/09\/Transition-ecologique_banniere.jpg",950,455,false],"1536x1536":["https:\/\/grand-ciel.com\/wp-content\/uploads\/2022\/09\/Transition-ecologique_banniere.jpg",950,455,false],"2048x2048":["https:\/\/grand-ciel.com\/wp-content\/uploads\/2022\/09\/Transition-ecologique_banniere.jpg",950,455,false]},"uagb_author_info":{"display_name":"admin-gciel-la","author_link":"https:\/\/grand-ciel.com\/en\/author\/admin-gciel-la\/"},"uagb_comment_info":0,"uagb_excerpt":"Mardi 20 septembre 2022, s\u2019est tenu notre premier Webinaire-Atelier autour des questions de transition \u00e9cologique du cirque de cr\u00e9ation. Anim\u00e9e par Olivier Pastor, cette rencontre a permis \u00e0 pr\u00e8s de 30 participants d\u2019entendre le pr\u00e9cieux t\u00e9moignage d\u2019Hugo Claude, charg\u00e9 de production et de diffusion de la&nbsp;Cie La Migration&nbsp;qui m\u00e8ne, depuis 4 ans, un important travail&hellip;","mfb_rest_fields":["title","yoast_head","yoast_head_json","uagb_featured_image_src","uagb_author_info","uagb_comment_info","uagb_excerpt"],"_links":{"self":[{"href":"https:\/\/grand-ciel.com\/en\/wp-json\/wp\/v2\/posts\/562","targetHints":{"allow":["GET"]}}],"collection":[{"href":"https:\/\/grand-ciel.com\/en\/wp-json\/wp\/v2\/posts"}],"about":[{"href":"https:\/\/grand-ciel.com\/en\/wp-json\/wp\/v2\/types\/post"}],"author":[{"embeddable":true,"href":"https:\/\/grand-ciel.com\/en\/wp-json\/wp\/v2\/users\/1"}],"replies":[{"embeddable":true,"href":"https:\/\/grand-ciel.com\/en\/wp-json\/wp\/v2\/comments?post=562"}],"version-history":[{"count":2,"href":"https:\/\/grand-ciel.com\/en\/wp-json\/wp\/v2\/posts\/562\/revisions"}],"predecessor-version":[{"id":565,"href":"https:\/\/grand-ciel.com\/en\/wp-json\/wp\/v2\/posts\/562\/revisions\/565"}],"wp:featuredmedia":[{"embeddable":true,"href":"https:\/\/grand-ciel.com\/en\/wp-json\/wp\/v2\/media\/564"}],"wp:attachment":[{"href":"https:\/\/grand-ciel.com\/en\/wp-json\/wp\/v2\/media?parent=562"}],"wp:term":[{"taxonomy":"category","embeddable":true,"href":"https:\/\/grand-ciel.com\/en\/wp-json\/wp\/v2\/categories?post=562"},{"taxonomy":"post_tag","embeddable":true,"href":"https:\/\/grand-ciel.com\/en\/wp-json\/wp\/v2\/tags?post=562"}],"curies":[{"name":"wp","href":"https:\/\/api.w.org\/{rel}","templated":true}]}}