{"id":514,"date":"2022-06-23T12:16:00","date_gmt":"2022-06-23T10:16:00","guid":{"rendered":"https:\/\/grand-ciel.com\/?p=514"},"modified":"2024-09-03T13:00:43","modified_gmt":"2024-09-03T11:00:43","slug":"retour-sur-lassemblee-generale-2022","status":"publish","type":"post","link":"https:\/\/grand-ciel.com\/en\/2022-06-23-retour-sur-lassemblee-generale-2022\/","title":{"rendered":"RETOUR SUR L&#8217;ASSEMBLEE GENERALE 2022"},"content":{"rendered":"\n<p><strong>Mardi 24 mai dernier s&#8217;est tenue l&#8217;Assembl\u00e9e G\u00e9n\u00e9rale du r\u00e9seau Grand CIEL.<br>Retour sur ce moment fort de la vie associative !<\/strong><\/p>\n\n\n\n<p>Le 24 mai dernier, les adh\u00e9rents de Grand CIEL se sont rassembl\u00e9s \u00e0 La Coupole de Saint-Louis (68) pour l\u2019Assembl\u00e9e G\u00e9n\u00e9rale 2022.<br>Ils ont \u00e9t\u00e9 chaleureusement accueillis par Sandrine Marly, Directrice du th\u00e9\u00e2tre et son \u00e9quipe, dans la salle des Portes, salle polyvalente destin\u00e9e \u00e0 accueillir des spectacles et des activit\u00e9s annexes en lien ou non avec la programmation de la Grande Salle<\/p>\n\n\n\n<h2 class=\"wp-block-heading\">Rapport moral de l&#8217;ann\u00e9e 2021<\/h2>\n\n\n\n<div class=\"wp-block-media-text alignwide has-media-on-the-right is-stacked-on-mobile\" style=\"grid-template-columns:auto 42%\"><div class=\"wp-block-media-text__content\">\n<p>La matin\u00e9e a \u00e9t\u00e9 consacr\u00e9e aux \u00e9l\u00e9ments statutaires et l\u2019Assembl\u00e9e G\u00e9n\u00e9rale a d\u00e9marr\u00e9 \u00e0 10h30. Corinne Licitra et Vincent Ehl copr\u00e9sidents de Grand CIEL ont accueilli&nbsp;les membres pr\u00e9sents autour de la table, ainsi qu\u2019en visioconf\u00e9rence, et ont pr\u00e9sent\u00e9 le rapport moral de l\u2019association.<\/p>\n\n\n\n<p>Vincent EHL est revenu sur le bilan tr\u00e8s positif de l\u2019ann\u00e9e 2021, malgr\u00e9 l\u2019impact de la crise de Covid-19 sur la vie culturelle des structures adh\u00e9rentes et a salu\u00e9 la cr\u00e9ativit\u00e9, la solidarit\u00e9 et la r\u00e9activit\u00e9 de tous pour garantir la continuit\u00e9 des actions et projets port\u00e9s collectivement.<\/p>\n<\/div><figure class=\"wp-block-media-text__media\"><img decoding=\"async\" src=\"https:\/\/grand-ciel.com\/wp-content\/uploads\/2023\/05\/AG_2022_Reunion_grande_salle-1024x768.jpg\" alt=\"\" class=\"wp-image-515 size-full\"\/><\/figure><\/div>\n\n\n\n<h2 class=\"wp-block-heading\">Une situation budg\u00e9taire saine<\/h2>\n\n\n\n<p>Audrey SALAUN, Experte-comptable chez Fidurex a pr\u00e9sent\u00e9 le rapport financier, vot\u00e9 \u00e0 l&#8217;unanimit\u00e9.<\/p>\n\n\n\n<h6 class=\"wp-block-heading\">&nbsp;<\/h6>\n\n\n\n<p><strong>Ce bilan permet d\u2019identifier plusieurs faits saillants en 2021 :<\/strong><\/p>\n\n\n\n<ul class=\"wp-block-list\">\n<li>Une \u00e9volution de +50% des charges d\u2019exploitation (augmentation du budget consacr\u00e9 aux projets artistiques et des charges de personnel notamment) ;<\/li>\n\n\n\n<li>Une augmentation de 25% des subventions sur l\u2019ann\u00e9e 2021&nbsp;(notamment un soutien suppl\u00e9mentaire&nbsp;de la Drac, au titre du Plan de relance) ;<\/li>\n\n\n\n<li>Un solde de tr\u00e9sorerie cons\u00e9quent&nbsp;et correspondant \u00e0 l\u2019ant\u00e9riorit\u00e9 de l\u2019association (reports \u00e0 nouveau) qui sera engag\u00e9 (tout ou partie) en 2022 sur de nouveaux projets et chantiers.<\/li>\n<\/ul>\n\n\n\n<p><strong>Les copr\u00e9sidents ont \u00e9galement rappel\u00e9 les grands chantiers dont tous pourront s\u2019emparer en 2022 et qui concernent notamment la red\u00e9finition de l\u2019ADN m\u00eame du r\u00e9seau.&nbsp;<\/strong><\/p>\n\n\n\n<h2 class=\"wp-block-heading\">Renouvellement de la gouvernance<\/h2>\n\n\n\n<p>Cette Assembl\u00e9e G\u00e9n\u00e9rale fut \u00e9galement \u00e9lectorale. Prenant acte des d\u00e9missions et candidatures pr\u00e9sent\u00e9es, le nouveau CA a \u00e9lu la nouvelle gouvernance de l\u2019association :<\/p>\n\n\n\n<h3 class=\"wp-block-heading has-large-font-size\">Copr\u00e9sidents<\/h3>\n\n\n\n<p>Corinne LICITRA (La Madeleine &#8211; Sc\u00e8ne conventionn\u00e9e Troyes) et Vincent EHL (Cirk\u2019Eole)<\/p>\n\n\n\n<h3 class=\"wp-block-heading has-large-font-size\">Vice-pr\u00e9sident<\/h3>\n\n\n\n<p>Jean-Marie SONGY (Le Palc &#8211; PNC)<\/p>\n\n\n\n<h3 class=\"wp-block-heading has-large-font-size\">Secr\u00e9taire<\/h3>\n\n\n\n<p>Sandrine MARLY (La Coupole)<\/p>\n\n\n\n<h3 class=\"wp-block-heading has-large-font-size\">Tr\u00e9sorier<\/h3>\n\n\n\n<p><em>&#8211; vacant &#8211;<\/em><\/p>\n\n\n\n<h3 class=\"wp-block-heading has-large-font-size\">Membres du CA<\/h3>\n\n\n\n<ul class=\"wp-block-list\">\n<li>Eva PIOTRKOWSKI (Le Mem\u00f4)<\/li>\n\n\n\n<li>Adeline RENARD (La Machinerie 54 &#8211; Sc\u00e8ne conventionn\u00e9e d\u2019int\u00e9r\u00eat national [art et cr\u00e9ation])<\/li>\n\n\n\n<li>Matthieu LEGRAND (le CCOUAC)<\/li>\n\n\n\n<li>Christian MOUSSEAU-FERNANDEZ (Transversales &#8211; Sc\u00e8ne conventionn\u00e9e cirque Verdun)<\/li>\n\n\n\n<li>Matthieu PIERRARD (P\u00f4le Spectacle Vivant &#8211; Communaut\u00e9 d&#8217;agglom\u00e9ration de Saint-Di\u00e9-des-Vosges)<\/li>\n<\/ul>\n\n\n\n<p>L\u2019ensemble des membres du Conseil d\u2019Administration exercera ses fonctions, conform\u00e9ment aux statuts, pour une dur\u00e9e de deux ans.<\/p>\n\n\n\n<p><strong>Bravo \u00e0 nos administrateurs et membres du bureau nouvellement \u00e9lus et merci pour votre engagement !<\/strong><\/p>\n\n\n\n<p>Apr\u00e8s un temps d\u2019\u00e9change autour des questions diverses et l\u2019ordre du jour \u00e9tant \u00e9puis\u00e9, la s\u00e9ance est lev\u00e9e \u00e0 12h.<\/p>\n\n\n\n<h2 class=\"wp-block-heading\">Visite du th\u00e9\u00e2tre et temps de convivialit\u00e9<\/h2>\n\n\n\n<div class=\"wp-block-media-text alignwide has-media-on-the-right is-stacked-on-mobile is-vertically-aligned-top\"><div class=\"wp-block-media-text__content\">\n<p>La journ\u00e9e s\u2019est poursuivie autour d\u2019une visite du th\u00e9\u00e2tre La Coupole men\u00e9e par sa directrice Sandrine MARLY et son directeur technique Augustin BONNET.<\/p>\n\n\n\n<p>Durant le d\u00e9jeuner et l\u2019apr\u00e8s-midi, les administrateurs et les adh\u00e9rents de Grand CIEL ont \u00e9chang\u00e9 et r\u00e9fl\u00e9chi ensemble aux futurs du r\u00e9seau en se projetant dans les diff\u00e9rents chantiers \u00e0 venir.<\/p>\n<\/div><figure class=\"wp-block-media-text__media\"><img loading=\"lazy\" decoding=\"async\" width=\"842\" height=\"595\" src=\"https:\/\/grand-ciel.com\/wp-content\/uploads\/2023\/05\/AG_2022_visite_de_la_Coupole.jpg\" alt=\"\" class=\"wp-image-517 size-full\" srcset=\"https:\/\/grand-ciel.com\/wp-content\/uploads\/2023\/05\/AG_2022_visite_de_la_Coupole.jpg 842w, https:\/\/grand-ciel.com\/wp-content\/uploads\/2023\/05\/AG_2022_visite_de_la_Coupole-480x339.jpg 480w, https:\/\/grand-ciel.com\/wp-content\/uploads\/2023\/05\/AG_2022_visite_de_la_Coupole-708x500.jpg 708w, https:\/\/grand-ciel.com\/wp-content\/uploads\/2023\/05\/AG_2022_visite_de_la_Coupole-768x543.jpg 768w\" sizes=\"auto, (max-width: 842px) 100vw, 842px\" \/><\/figure><\/div>\n\n\n\n<h2 class=\"wp-block-heading\">La Kaserne<\/h2>\n\n\n\n<p>Les personnes pr\u00e9sentes ont eu la chance de se rendre en Suisse, \u00e0 B\u00e2le, \u00e0 la rencontre de <strong>Sandro Lunin, directeur de la Kaserne<\/strong>.&nbsp;La Kaserne de B\u00e2le est le plus grand centre de la Suisse du nord-ouest consacr\u00e9 aux performances artistiques libres du th\u00e9\u00e2tre contemporain et de la danse ainsi qu&#8217;\u00e0 la musique populaire innovante.<\/p>\n\n\n\n<p>Chacun a pu profiter de cette rencontre enthousiasmante et d\u2019une superbe visite des salles de spectacle et des divers espaces adapt\u00e9s \u00e0 diff\u00e9rents types d&#8217;\u00e9v\u00e9nements.<\/p>\n\n\n\n<figure class=\"wp-block-gallery has-nested-images columns-2 is-cropped wp-block-gallery-1 is-layout-flex wp-block-gallery-is-layout-flex\">\n<figure class=\"wp-block-image size-large\"><img loading=\"lazy\" decoding=\"async\" width=\"842\" height=\"595\" data-id=\"525\" src=\"https:\/\/grand-ciel.com\/wp-content\/uploads\/2023\/05\/AG_2022_Visite_la_Kaserne_2.jpg\" alt=\"\" class=\"wp-image-525\" srcset=\"https:\/\/grand-ciel.com\/wp-content\/uploads\/2023\/05\/AG_2022_Visite_la_Kaserne_2.jpg 842w, https:\/\/grand-ciel.com\/wp-content\/uploads\/2023\/05\/AG_2022_Visite_la_Kaserne_2-480x339.jpg 480w, https:\/\/grand-ciel.com\/wp-content\/uploads\/2023\/05\/AG_2022_Visite_la_Kaserne_2-708x500.jpg 708w, https:\/\/grand-ciel.com\/wp-content\/uploads\/2023\/05\/AG_2022_Visite_la_Kaserne_2-768x543.jpg 768w\" sizes=\"auto, (max-width: 842px) 100vw, 842px\" \/><\/figure>\n\n\n\n<figure class=\"wp-block-image size-large\"><img loading=\"lazy\" decoding=\"async\" width=\"842\" height=\"595\" data-id=\"526\" src=\"https:\/\/grand-ciel.com\/wp-content\/uploads\/2023\/05\/AG_2022_Visite_la_Kaserne_3.jpg\" alt=\"\" class=\"wp-image-526\" srcset=\"https:\/\/grand-ciel.com\/wp-content\/uploads\/2023\/05\/AG_2022_Visite_la_Kaserne_3.jpg 842w, https:\/\/grand-ciel.com\/wp-content\/uploads\/2023\/05\/AG_2022_Visite_la_Kaserne_3-480x339.jpg 480w, https:\/\/grand-ciel.com\/wp-content\/uploads\/2023\/05\/AG_2022_Visite_la_Kaserne_3-708x500.jpg 708w, https:\/\/grand-ciel.com\/wp-content\/uploads\/2023\/05\/AG_2022_Visite_la_Kaserne_3-768x543.jpg 768w\" sizes=\"auto, (max-width: 842px) 100vw, 842px\" \/><\/figure>\n\n\n\n<figure class=\"wp-block-image size-large\"><img loading=\"lazy\" decoding=\"async\" width=\"842\" height=\"595\" data-id=\"521\" src=\"https:\/\/grand-ciel.com\/wp-content\/uploads\/2023\/05\/AG_2022_Visite_la_Kaserne_7.jpg\" alt=\"\" class=\"wp-image-521\" srcset=\"https:\/\/grand-ciel.com\/wp-content\/uploads\/2023\/05\/AG_2022_Visite_la_Kaserne_7.jpg 842w, https:\/\/grand-ciel.com\/wp-content\/uploads\/2023\/05\/AG_2022_Visite_la_Kaserne_7-480x339.jpg 480w, https:\/\/grand-ciel.com\/wp-content\/uploads\/2023\/05\/AG_2022_Visite_la_Kaserne_7-708x500.jpg 708w, https:\/\/grand-ciel.com\/wp-content\/uploads\/2023\/05\/AG_2022_Visite_la_Kaserne_7-768x543.jpg 768w\" sizes=\"auto, (max-width: 842px) 100vw, 842px\" \/><\/figure>\n\n\n\n<figure class=\"wp-block-image size-large\"><img loading=\"lazy\" decoding=\"async\" width=\"842\" height=\"595\" data-id=\"522\" src=\"https:\/\/grand-ciel.com\/wp-content\/uploads\/2023\/05\/AG_2022_Visite_la_Kaserne_6.jpg\" alt=\"\" class=\"wp-image-522\" srcset=\"https:\/\/grand-ciel.com\/wp-content\/uploads\/2023\/05\/AG_2022_Visite_la_Kaserne_6.jpg 842w, https:\/\/grand-ciel.com\/wp-content\/uploads\/2023\/05\/AG_2022_Visite_la_Kaserne_6-480x339.jpg 480w, https:\/\/grand-ciel.com\/wp-content\/uploads\/2023\/05\/AG_2022_Visite_la_Kaserne_6-708x500.jpg 708w, https:\/\/grand-ciel.com\/wp-content\/uploads\/2023\/05\/AG_2022_Visite_la_Kaserne_6-768x543.jpg 768w\" sizes=\"auto, (max-width: 842px) 100vw, 842px\" \/><\/figure>\n\n\n\n<figure class=\"wp-block-image size-large\"><img loading=\"lazy\" decoding=\"async\" width=\"768\" height=\"1024\" data-id=\"523\" src=\"https:\/\/grand-ciel.com\/wp-content\/uploads\/2023\/05\/AG_2022_Visite_la_Kaserne_5-768x1024.jpg\" alt=\"\" class=\"wp-image-523\" srcset=\"https:\/\/grand-ciel.com\/wp-content\/uploads\/2023\/05\/AG_2022_Visite_la_Kaserne_5-768x1024.jpg 768w, https:\/\/grand-ciel.com\/wp-content\/uploads\/2023\/05\/AG_2022_Visite_la_Kaserne_5-480x640.jpg 480w, https:\/\/grand-ciel.com\/wp-content\/uploads\/2023\/05\/AG_2022_Visite_la_Kaserne_5-375x500.jpg 375w, https:\/\/grand-ciel.com\/wp-content\/uploads\/2023\/05\/AG_2022_Visite_la_Kaserne_5-1152x1536.jpg 1152w, https:\/\/grand-ciel.com\/wp-content\/uploads\/2023\/05\/AG_2022_Visite_la_Kaserne_5-1536x2048.jpg 1536w, https:\/\/grand-ciel.com\/wp-content\/uploads\/2023\/05\/AG_2022_Visite_la_Kaserne_5.jpg 1773w\" sizes=\"auto, (max-width: 768px) 100vw, 768px\" \/><\/figure>\n\n\n\n<figure class=\"wp-block-image size-large\"><img loading=\"lazy\" decoding=\"async\" width=\"842\" height=\"595\" data-id=\"524\" src=\"https:\/\/grand-ciel.com\/wp-content\/uploads\/2023\/05\/AG_2022_Visite_la_Kaserne_4.jpg\" alt=\"\" class=\"wp-image-524\" srcset=\"https:\/\/grand-ciel.com\/wp-content\/uploads\/2023\/05\/AG_2022_Visite_la_Kaserne_4.jpg 842w, https:\/\/grand-ciel.com\/wp-content\/uploads\/2023\/05\/AG_2022_Visite_la_Kaserne_4-480x339.jpg 480w, https:\/\/grand-ciel.com\/wp-content\/uploads\/2023\/05\/AG_2022_Visite_la_Kaserne_4-708x500.jpg 708w, https:\/\/grand-ciel.com\/wp-content\/uploads\/2023\/05\/AG_2022_Visite_la_Kaserne_4-768x543.jpg 768w\" sizes=\"auto, (max-width: 842px) 100vw, 842px\" \/><\/figure>\n\n\n\n<figure class=\"wp-block-image size-large\"><img decoding=\"async\" data-id=\"527\" src=\"https:\/\/grand-ciel.com\/wp-content\/uploads\/2023\/05\/AG_2022_Visite_la_Kaserne_1-1024x512.jpg\" alt=\"\" class=\"wp-image-527\"\/><\/figure>\n<\/figure>\n\n\n\n<p>Merci aux adh\u00e9rent.e.s qui ont r\u00e9pondu pr\u00e9sent.e.s \u00e0 l\u2019occasion de cette journ\u00e9e !<\/p>\n\n\n\n<p class=\"has-secondary-color has-text-color\"><strong>Les changements que nous imaginons pour le r\u00e9seau, nous souhaitons les construire avec chacun.e d&#8217;entre vous et avec l&#8217;ambition de continuer \u00e0 porter ensemble, \u00e0 l&#8217;\u00e9chelle r\u00e9gionale, un projet qui nous rassemble et nous ressemble.<\/strong><\/p>\n\n\n\n<p class=\"has-secondary-color has-text-color\"><strong>Vos expertises sont multiples et pr\u00e9cieuses ! A ce titre, nous vous invitons \u00e0 nous rejoindre encore plus nombreux.ses lors des prochains temps de travail du r\u00e9seau.<\/strong><\/p>\n","protected":false},"excerpt":{"rendered":"<p>Mardi 24 mai dernier s&#8217;est tenue l&#8217;Assembl\u00e9e G\u00e9n\u00e9rale du r\u00e9seau Grand CIEL.Retour sur ce moment fort de la vie associative ! Le 24 mai dernier, les adh\u00e9rents de Grand CIEL se sont rassembl\u00e9s \u00e0 La Coupole de Saint-Louis (68) pour l\u2019Assembl\u00e9e G\u00e9n\u00e9rale 2022.Ils ont \u00e9t\u00e9 chaleureusement accueillis par Sandrine Marly, Directrice du th\u00e9\u00e2tre et son [&hellip;]<\/p>\n","protected":false},"author":1,"featured_media":0,"comment_status":"closed","ping_status":"closed","sticky":false,"template":"","format":"standard","meta":{"_uag_custom_page_level_css":"","footnotes":""},"categories":[14],"tags":[],"class_list":["post-514","post","type-post","status-publish","format-standard","hentry","category-actualites"],"mb":[],"yoast_head":"<!-- This site is optimized with the Yoast SEO plugin v27.2 - https:\/\/yoast.com\/product\/yoast-seo-wordpress\/ -->\n<title>RETOUR SUR L&#039;ASSEMBLEE GENERALE 2022 - Grand CIEL<\/title>\n<meta name=\"robots\" content=\"index, follow, max-snippet:-1, max-image-preview:large, max-video-preview:-1\" \/>\n<link rel=\"canonical\" href=\"https:\/\/grand-ciel.com\/2022-06-23-retour-sur-lassemblee-generale-2022\/\" \/>\n<meta property=\"og:locale\" content=\"en_US\" \/>\n<meta property=\"og:type\" content=\"article\" \/>\n<meta property=\"og:title\" content=\"RETOUR SUR L&#039;ASSEMBLEE GENERALE 2022 - Grand CIEL\" \/>\n<meta property=\"og:description\" content=\"Mardi 24 mai dernier s&#8217;est tenue l&#8217;Assembl\u00e9e G\u00e9n\u00e9rale du r\u00e9seau Grand CIEL.Retour sur ce moment fort de la vie associative ! Le 24 mai dernier, les adh\u00e9rents de Grand CIEL se sont rassembl\u00e9s \u00e0 La Coupole de Saint-Louis (68) pour l\u2019Assembl\u00e9e G\u00e9n\u00e9rale 2022.Ils ont \u00e9t\u00e9 chaleureusement accueillis par Sandrine Marly, Directrice du th\u00e9\u00e2tre et son [&hellip;]\" \/>\n<meta property=\"og:url\" content=\"https:\/\/grand-ciel.com\/2022-06-23-retour-sur-lassemblee-generale-2022\/\" \/>\n<meta property=\"og:site_name\" content=\"Grand CIEL\" \/>\n<meta property=\"article:publisher\" content=\"https:\/\/www.facebook.com\/grandcielcirque\" \/>\n<meta property=\"article:published_time\" content=\"2022-06-23T10:16:00+00:00\" \/>\n<meta property=\"article:modified_time\" content=\"2024-09-03T11:00:43+00:00\" \/>\n<meta property=\"og:image\" content=\"https:\/\/grand-ciel.com\/wp-content\/uploads\/2023\/05\/AG_2022_Reunion_grande_salle-1024x768.jpg\" \/>\n<meta name=\"author\" content=\"admin-gciel-la\" \/>\n<meta name=\"twitter:card\" content=\"summary_large_image\" \/>\n<meta name=\"twitter:label1\" content=\"Written by\" \/>\n\t<meta name=\"twitter:data1\" content=\"admin-gciel-la\" \/>\n\t<meta name=\"twitter:label2\" content=\"Est. reading time\" \/>\n\t<meta name=\"twitter:data2\" content=\"4 minutes\" \/>\n<script type=\"application\/ld+json\" class=\"yoast-schema-graph\">{\"@context\":\"https:\/\/schema.org\",\"@graph\":[{\"@type\":\"Article\",\"@id\":\"https:\/\/grand-ciel.com\/2022-06-23-retour-sur-lassemblee-generale-2022\/#article\",\"isPartOf\":{\"@id\":\"https:\/\/grand-ciel.com\/2022-06-23-retour-sur-lassemblee-generale-2022\/\"},\"author\":{\"name\":\"admin-gciel-la\",\"@id\":\"https:\/\/grand-ciel.com\/#\/schema\/person\/32d02fd0e867821308f7c2c264e550ca\"},\"headline\":\"RETOUR SUR L&#8217;ASSEMBLEE GENERALE 2022\",\"datePublished\":\"2022-06-23T10:16:00+00:00\",\"dateModified\":\"2024-09-03T11:00:43+00:00\",\"mainEntityOfPage\":{\"@id\":\"https:\/\/grand-ciel.com\/2022-06-23-retour-sur-lassemblee-generale-2022\/\"},\"wordCount\":787,\"publisher\":{\"@id\":\"https:\/\/grand-ciel.com\/#organization\"},\"image\":{\"@id\":\"https:\/\/grand-ciel.com\/2022-06-23-retour-sur-lassemblee-generale-2022\/#primaryimage\"},\"thumbnailUrl\":\"https:\/\/grand-ciel.com\/wp-content\/uploads\/2023\/05\/AG_2022_Reunion_grande_salle-1024x768.jpg\",\"articleSection\":[\"Actualit\u00e9s\"],\"inLanguage\":\"en-US\"},{\"@type\":\"WebPage\",\"@id\":\"https:\/\/grand-ciel.com\/2022-06-23-retour-sur-lassemblee-generale-2022\/\",\"url\":\"https:\/\/grand-ciel.com\/2022-06-23-retour-sur-lassemblee-generale-2022\/\",\"name\":\"RETOUR SUR L'ASSEMBLEE GENERALE 2022 - Grand CIEL\",\"isPartOf\":{\"@id\":\"https:\/\/grand-ciel.com\/#website\"},\"primaryImageOfPage\":{\"@id\":\"https:\/\/grand-ciel.com\/2022-06-23-retour-sur-lassemblee-generale-2022\/#primaryimage\"},\"image\":{\"@id\":\"https:\/\/grand-ciel.com\/2022-06-23-retour-sur-lassemblee-generale-2022\/#primaryimage\"},\"thumbnailUrl\":\"https:\/\/grand-ciel.com\/wp-content\/uploads\/2023\/05\/AG_2022_Reunion_grande_salle-1024x768.jpg\",\"datePublished\":\"2022-06-23T10:16:00+00:00\",\"dateModified\":\"2024-09-03T11:00:43+00:00\",\"breadcrumb\":{\"@id\":\"https:\/\/grand-ciel.com\/2022-06-23-retour-sur-lassemblee-generale-2022\/#breadcrumb\"},\"inLanguage\":\"en-US\",\"potentialAction\":[{\"@type\":\"ReadAction\",\"target\":[\"https:\/\/grand-ciel.com\/2022-06-23-retour-sur-lassemblee-generale-2022\/\"]}]},{\"@type\":\"ImageObject\",\"inLanguage\":\"en-US\",\"@id\":\"https:\/\/grand-ciel.com\/2022-06-23-retour-sur-lassemblee-generale-2022\/#primaryimage\",\"url\":\"https:\/\/grand-ciel.com\/wp-content\/uploads\/2023\/05\/AG_2022_Reunion_grande_salle-1024x768.jpg\",\"contentUrl\":\"https:\/\/grand-ciel.com\/wp-content\/uploads\/2023\/05\/AG_2022_Reunion_grande_salle-1024x768.jpg\"},{\"@type\":\"BreadcrumbList\",\"@id\":\"https:\/\/grand-ciel.com\/2022-06-23-retour-sur-lassemblee-generale-2022\/#breadcrumb\",\"itemListElement\":[{\"@type\":\"ListItem\",\"position\":1,\"name\":\"Accueil\",\"item\":\"https:\/\/grand-ciel.com\/en\/home\/\"},{\"@type\":\"ListItem\",\"position\":2,\"name\":\"RETOUR SUR L&rsquo;ASSEMBLEE GENERALE 2022\"}]},{\"@type\":\"WebSite\",\"@id\":\"https:\/\/grand-ciel.com\/#website\",\"url\":\"https:\/\/grand-ciel.com\/\",\"name\":\"Grand CIEL\",\"description\":\"\",\"publisher\":{\"@id\":\"https:\/\/grand-ciel.com\/#organization\"},\"potentialAction\":[{\"@type\":\"SearchAction\",\"target\":{\"@type\":\"EntryPoint\",\"urlTemplate\":\"https:\/\/grand-ciel.com\/?s={search_term_string}\"},\"query-input\":{\"@type\":\"PropertyValueSpecification\",\"valueRequired\":true,\"valueName\":\"search_term_string\"}}],\"inLanguage\":\"en-US\"},{\"@type\":\"Organization\",\"@id\":\"https:\/\/grand-ciel.com\/#organization\",\"name\":\"Grand CIEL\",\"url\":\"https:\/\/grand-ciel.com\/\",\"logo\":{\"@type\":\"ImageObject\",\"inLanguage\":\"en-US\",\"@id\":\"https:\/\/grand-ciel.com\/#\/schema\/logo\/image\/\",\"url\":\"https:\/\/grand-ciel.com\/wp-content\/uploads\/2023\/05\/logo_Grand_Ciel_orange_fond_bleu_250.jpg\",\"contentUrl\":\"https:\/\/grand-ciel.com\/wp-content\/uploads\/2023\/05\/logo_Grand_Ciel_orange_fond_bleu_250.jpg\",\"width\":250,\"height\":148,\"caption\":\"Grand CIEL\"},\"image\":{\"@id\":\"https:\/\/grand-ciel.com\/#\/schema\/logo\/image\/\"},\"sameAs\":[\"https:\/\/www.facebook.com\/grandcielcirque\"]},{\"@type\":\"Person\",\"@id\":\"https:\/\/grand-ciel.com\/#\/schema\/person\/32d02fd0e867821308f7c2c264e550ca\",\"name\":\"admin-gciel-la\",\"sameAs\":[\"https:\/\/grand-ciel.com\"]}]}<\/script>\n<!-- \/ Yoast SEO plugin. -->","yoast_head_json":{"title":"RETOUR SUR L'ASSEMBLEE GENERALE 2022 - Grand CIEL","robots":{"index":"index","follow":"follow","max-snippet":"max-snippet:-1","max-image-preview":"max-image-preview:large","max-video-preview":"max-video-preview:-1"},"canonical":"https:\/\/grand-ciel.com\/2022-06-23-retour-sur-lassemblee-generale-2022\/","og_locale":"en_US","og_type":"article","og_title":"RETOUR SUR L'ASSEMBLEE GENERALE 2022 - Grand CIEL","og_description":"Mardi 24 mai dernier s&#8217;est tenue l&#8217;Assembl\u00e9e G\u00e9n\u00e9rale du r\u00e9seau Grand CIEL.Retour sur ce moment fort de la vie associative ! Le 24 mai dernier, les adh\u00e9rents de Grand CIEL se sont rassembl\u00e9s \u00e0 La Coupole de Saint-Louis (68) pour l\u2019Assembl\u00e9e G\u00e9n\u00e9rale 2022.Ils ont \u00e9t\u00e9 chaleureusement accueillis par Sandrine Marly, Directrice du th\u00e9\u00e2tre et son [&hellip;]","og_url":"https:\/\/grand-ciel.com\/2022-06-23-retour-sur-lassemblee-generale-2022\/","og_site_name":"Grand CIEL","article_publisher":"https:\/\/www.facebook.com\/grandcielcirque","article_published_time":"2022-06-23T10:16:00+00:00","article_modified_time":"2024-09-03T11:00:43+00:00","og_image":[{"url":"https:\/\/grand-ciel.com\/wp-content\/uploads\/2023\/05\/AG_2022_Reunion_grande_salle-1024x768.jpg","type":"","width":"","height":""}],"author":"admin-gciel-la","twitter_card":"summary_large_image","twitter_misc":{"Written by":"admin-gciel-la","Est. reading time":"4 minutes"},"schema":{"@context":"https:\/\/schema.org","@graph":[{"@type":"Article","@id":"https:\/\/grand-ciel.com\/2022-06-23-retour-sur-lassemblee-generale-2022\/#article","isPartOf":{"@id":"https:\/\/grand-ciel.com\/2022-06-23-retour-sur-lassemblee-generale-2022\/"},"author":{"name":"admin-gciel-la","@id":"https:\/\/grand-ciel.com\/#\/schema\/person\/32d02fd0e867821308f7c2c264e550ca"},"headline":"RETOUR SUR L&#8217;ASSEMBLEE GENERALE 2022","datePublished":"2022-06-23T10:16:00+00:00","dateModified":"2024-09-03T11:00:43+00:00","mainEntityOfPage":{"@id":"https:\/\/grand-ciel.com\/2022-06-23-retour-sur-lassemblee-generale-2022\/"},"wordCount":787,"publisher":{"@id":"https:\/\/grand-ciel.com\/#organization"},"image":{"@id":"https:\/\/grand-ciel.com\/2022-06-23-retour-sur-lassemblee-generale-2022\/#primaryimage"},"thumbnailUrl":"https:\/\/grand-ciel.com\/wp-content\/uploads\/2023\/05\/AG_2022_Reunion_grande_salle-1024x768.jpg","articleSection":["Actualit\u00e9s"],"inLanguage":"en-US"},{"@type":"WebPage","@id":"https:\/\/grand-ciel.com\/2022-06-23-retour-sur-lassemblee-generale-2022\/","url":"https:\/\/grand-ciel.com\/2022-06-23-retour-sur-lassemblee-generale-2022\/","name":"RETOUR SUR L'ASSEMBLEE GENERALE 2022 - Grand CIEL","isPartOf":{"@id":"https:\/\/grand-ciel.com\/#website"},"primaryImageOfPage":{"@id":"https:\/\/grand-ciel.com\/2022-06-23-retour-sur-lassemblee-generale-2022\/#primaryimage"},"image":{"@id":"https:\/\/grand-ciel.com\/2022-06-23-retour-sur-lassemblee-generale-2022\/#primaryimage"},"thumbnailUrl":"https:\/\/grand-ciel.com\/wp-content\/uploads\/2023\/05\/AG_2022_Reunion_grande_salle-1024x768.jpg","datePublished":"2022-06-23T10:16:00+00:00","dateModified":"2024-09-03T11:00:43+00:00","breadcrumb":{"@id":"https:\/\/grand-ciel.com\/2022-06-23-retour-sur-lassemblee-generale-2022\/#breadcrumb"},"inLanguage":"en-US","potentialAction":[{"@type":"ReadAction","target":["https:\/\/grand-ciel.com\/2022-06-23-retour-sur-lassemblee-generale-2022\/"]}]},{"@type":"ImageObject","inLanguage":"en-US","@id":"https:\/\/grand-ciel.com\/2022-06-23-retour-sur-lassemblee-generale-2022\/#primaryimage","url":"https:\/\/grand-ciel.com\/wp-content\/uploads\/2023\/05\/AG_2022_Reunion_grande_salle-1024x768.jpg","contentUrl":"https:\/\/grand-ciel.com\/wp-content\/uploads\/2023\/05\/AG_2022_Reunion_grande_salle-1024x768.jpg"},{"@type":"BreadcrumbList","@id":"https:\/\/grand-ciel.com\/2022-06-23-retour-sur-lassemblee-generale-2022\/#breadcrumb","itemListElement":[{"@type":"ListItem","position":1,"name":"Accueil","item":"https:\/\/grand-ciel.com\/en\/home\/"},{"@type":"ListItem","position":2,"name":"RETOUR SUR L&rsquo;ASSEMBLEE GENERALE 2022"}]},{"@type":"WebSite","@id":"https:\/\/grand-ciel.com\/#website","url":"https:\/\/grand-ciel.com\/","name":"Grand CIEL","description":"","publisher":{"@id":"https:\/\/grand-ciel.com\/#organization"},"potentialAction":[{"@type":"SearchAction","target":{"@type":"EntryPoint","urlTemplate":"https:\/\/grand-ciel.com\/?s={search_term_string}"},"query-input":{"@type":"PropertyValueSpecification","valueRequired":true,"valueName":"search_term_string"}}],"inLanguage":"en-US"},{"@type":"Organization","@id":"https:\/\/grand-ciel.com\/#organization","name":"Grand CIEL","url":"https:\/\/grand-ciel.com\/","logo":{"@type":"ImageObject","inLanguage":"en-US","@id":"https:\/\/grand-ciel.com\/#\/schema\/logo\/image\/","url":"https:\/\/grand-ciel.com\/wp-content\/uploads\/2023\/05\/logo_Grand_Ciel_orange_fond_bleu_250.jpg","contentUrl":"https:\/\/grand-ciel.com\/wp-content\/uploads\/2023\/05\/logo_Grand_Ciel_orange_fond_bleu_250.jpg","width":250,"height":148,"caption":"Grand CIEL"},"image":{"@id":"https:\/\/grand-ciel.com\/#\/schema\/logo\/image\/"},"sameAs":["https:\/\/www.facebook.com\/grandcielcirque"]},{"@type":"Person","@id":"https:\/\/grand-ciel.com\/#\/schema\/person\/32d02fd0e867821308f7c2c264e550ca","name":"admin-gciel-la","sameAs":["https:\/\/grand-ciel.com"]}]}},"uagb_featured_image_src":{"full":false,"thumbnail":false,"medium":false,"medium_large":false,"large":false,"gs-tiny":false,"xl":false,"xxl":false,"xxxl":false,"xxxxl":false,"xxxxxl":false,"1536x1536":false,"2048x2048":false},"uagb_author_info":{"display_name":"admin-gciel-la","author_link":"https:\/\/grand-ciel.com\/en\/author\/admin-gciel-la\/"},"uagb_comment_info":0,"uagb_excerpt":"Mardi 24 mai dernier s&#8217;est tenue l&#8217;Assembl\u00e9e G\u00e9n\u00e9rale du r\u00e9seau Grand CIEL.Retour sur ce moment fort de la vie associative ! Le 24 mai dernier, les adh\u00e9rents de Grand CIEL se sont rassembl\u00e9s \u00e0 La Coupole de Saint-Louis (68) pour l\u2019Assembl\u00e9e G\u00e9n\u00e9rale 2022.Ils ont \u00e9t\u00e9 chaleureusement accueillis par Sandrine Marly, Directrice du th\u00e9\u00e2tre et son&hellip;","mfb_rest_fields":["title","yoast_head","yoast_head_json","uagb_featured_image_src","uagb_author_info","uagb_comment_info","uagb_excerpt"],"_links":{"self":[{"href":"https:\/\/grand-ciel.com\/en\/wp-json\/wp\/v2\/posts\/514","targetHints":{"allow":["GET"]}}],"collection":[{"href":"https:\/\/grand-ciel.com\/en\/wp-json\/wp\/v2\/posts"}],"about":[{"href":"https:\/\/grand-ciel.com\/en\/wp-json\/wp\/v2\/types\/post"}],"author":[{"embeddable":true,"href":"https:\/\/grand-ciel.com\/en\/wp-json\/wp\/v2\/users\/1"}],"replies":[{"embeddable":true,"href":"https:\/\/grand-ciel.com\/en\/wp-json\/wp\/v2\/comments?post=514"}],"version-history":[{"count":3,"href":"https:\/\/grand-ciel.com\/en\/wp-json\/wp\/v2\/posts\/514\/revisions"}],"predecessor-version":[{"id":1888,"href":"https:\/\/grand-ciel.com\/en\/wp-json\/wp\/v2\/posts\/514\/revisions\/1888"}],"wp:attachment":[{"href":"https:\/\/grand-ciel.com\/en\/wp-json\/wp\/v2\/media?parent=514"}],"wp:term":[{"taxonomy":"category","embeddable":true,"href":"https:\/\/grand-ciel.com\/en\/wp-json\/wp\/v2\/categories?post=514"},{"taxonomy":"post_tag","embeddable":true,"href":"https:\/\/grand-ciel.com\/en\/wp-json\/wp\/v2\/tags?post=514"}],"curies":[{"name":"wp","href":"https:\/\/api.w.org\/{rel}","templated":true}]}}