{"id":4079,"date":"2026-09-02T17:28:27","date_gmt":"2026-09-02T15:28:27","guid":{"rendered":"https:\/\/grand-ciel.com\/?p=4079"},"modified":"2026-09-02T17:37:37","modified_gmt":"2026-09-02T15:37:37","slug":"inscriptions-vues-du-ciel-2026","status":"publish","type":"post","link":"https:\/\/grand-ciel.com\/en\/2026-09-02-inscriptions-vues-du-ciel-2026\/","title":{"rendered":"Vues du Ciel 2026 &#8211; Les inscriptions sont ouvertes !"},"content":{"rendered":"\n<p class=\"has-primary-color has-text-color wp-block-paragraph\"><strong>Dispositif Grand CIEL &#8211; Vues du CIEL, Journ\u00e9e de pr\u00e9sentation de projets<\/strong><\/p>\n\n\n\n<p class=\"wp-block-paragraph\"><a href=\"https:\/\/framaforms.org\/inscription-journee-vues-du-ciel-vendredi-2-octobre-2026-ccam-de-vandoeuvre-les-nancy-1783089239\">Cette journ\u00e9e permet \u00e0 des compagnies circassiennes de d\u00e9voiler un projet de cr\u00e9ation aux diffuseurs du Grand Est mais pas seulement. Cette pr\u00e9sentation peut prendre des formes diff\u00e9rentes&nbsp;: extraits au plateau\/piste, pr\u00e9sentation de maquette,\u2026<\/a><\/p>\n\n\n\n<p class=\"has-text-align-center has-medium-font-size wp-block-paragraph\"><strong>Rendez-vous le vendredi 2 octobre 2026 <br>au CCAM de Vandoeuvre L\u00e8s Nancy<\/strong><\/p>\n\n\n\n<p class=\"wp-block-paragraph\">Inscription obligatoire via ce formulaire au plus tard avant le 26 septembre<br><a href=\"https:\/\/bit.ly\/VuesDuCiel26Pro\"><strong>https:\/\/bit.ly\/VuesDuCiel26Pro<\/strong><\/a><\/p>\n\n\n\n<p class=\"wp-block-paragraph\"><strong>Nos 8 laur\u00e9ats cette ann\u00e9es sont :<\/strong><br>Je suis n\u00e9 pour rater \/ La Main de l\u2019Homme<br>Cheffe(s) \/ Cie Pierogi<br>Le Champs des Possibles \/ Porte27<br>Attention Exp\u00e9rience \/ Les Objets Volants<br>Audacieuses \/ Les Filles du Renard P\u00e2le<br>P\u00e9rin\u00e9e Occidental \/ Cie.Quotidienne<br>Tu M\u2019aimes ? \/ Cie La Meute<br>Chiaroscuro \/ La 3e Loi<\/p>\n\n\n\n<div class=\"wp-block-uagb-image uagb-block-5d5b00b6 wp-block-uagb-image--layout-default wp-block-uagb-image--effect-static wp-block-uagb-image--align-none\"><figure class=\"wp-block-uagb-image__figure\"><img decoding=\"async\" src=\"https:\/\/grand-ciel.com\/wp-content\/uploads\/2026\/04\/GABARIT-ACTU-VDC-laureats-819x500.png\" alt=\"\" class=\"uag-image-3981\" width=\"819\" height=\"500\" title=\"GABARIT ACTU VDC laureats\" loading=\"lazy\" role=\"img\" \/><\/figure><\/div>\n\n\n\n<p class=\"wp-block-paragraph\"><\/p>\n\n\n\n<p class=\"wp-block-paragraph\" style=\"font-size:0.6rem\"><\/p>\n\n\n\n<p class=\"wp-block-paragraph\"><br><\/p>\n\n\n\n<p class=\"wp-block-paragraph\"><\/p>\n","protected":false},"excerpt":{"rendered":"<p>Dispositif Grand CIEL &#8211; Vues du CIEL, Journ\u00e9e de pr\u00e9sentation de projets Cette journ\u00e9e permet \u00e0 des compagnies circassiennes de d\u00e9voiler un projet de cr\u00e9ation aux diffuseurs du Grand Est mais pas seulement. Cette pr\u00e9sentation peut prendre des formes diff\u00e9rentes&nbsp;: extraits au plateau\/piste, pr\u00e9sentation de maquette,\u2026 Rendez-vous le vendredi 2 octobre 2026 au CCAM de [&hellip;]<\/p>\n","protected":false},"author":33,"featured_media":4086,"comment_status":"closed","ping_status":"closed","sticky":false,"template":"","format":"standard","meta":{"_uag_custom_page_level_css":"","footnotes":""},"categories":[14],"tags":[],"class_list":["post-4079","post","type-post","status-publish","format-standard","has-post-thumbnail","hentry","category-actualites"],"mb":[],"yoast_head":"<!-- This site is optimized with the Yoast SEO plugin v28.3 - https:\/\/yoast.com\/product\/yoast-seo-wordpress\/ -->\n<title>Vues du Ciel 2026 - Les inscriptions sont ouvertes ! - Grand CIEL<\/title>\n<meta name=\"description\" content=\"Nouveau dispositif Grand CIEL - Vues du CIEL, Journ\u00e9e de pr\u00e9sentation de projets cirque, candidatures ouvertes jusqu&#039;au 10 juillet 2024.\" \/>\n<meta name=\"robots\" content=\"index, follow, max-snippet:-1, max-image-preview:large, max-video-preview:-1\" \/>\n<link rel=\"canonical\" href=\"https:\/\/grand-ciel.com\/2026-09-02-inscriptions-vues-du-ciel-2026\/\" \/>\n<meta property=\"og:locale\" content=\"en_US\" \/>\n<meta property=\"og:type\" content=\"article\" \/>\n<meta property=\"og:title\" content=\"Vues du Ciel 2026 - Les inscriptions sont ouvertes ! - Grand CIEL\" \/>\n<meta property=\"og:description\" content=\"Nouveau dispositif Grand CIEL - Vues du CIEL, Journ\u00e9e de pr\u00e9sentation de projets cirque, candidatures ouvertes jusqu&#039;au 10 juillet 2024.\" \/>\n<meta property=\"og:url\" content=\"https:\/\/grand-ciel.com\/2026-09-02-inscriptions-vues-du-ciel-2026\/\" \/>\n<meta property=\"og:site_name\" content=\"Grand CIEL\" \/>\n<meta property=\"article:publisher\" content=\"https:\/\/www.facebook.com\/grandcielcirque\" \/>\n<meta property=\"article:published_time\" content=\"2026-09-02T15:28:27+00:00\" \/>\n<meta property=\"article:modified_time\" content=\"2026-09-02T15:37:37+00:00\" \/>\n<meta property=\"og:image\" content=\"https:\/\/grand-ciel.com\/wp-content\/uploads\/2026\/09\/HEADER-actu-JPro.png\" \/>\n\t<meta property=\"og:image:width\" content=\"1667\" \/>\n\t<meta property=\"og:image:height\" content=\"1021\" \/>\n\t<meta property=\"og:image:type\" content=\"image\/png\" \/>\n<meta name=\"author\" content=\"Adeline Renard\" \/>\n<meta name=\"twitter:card\" content=\"summary_large_image\" \/>\n<meta name=\"twitter:label1\" content=\"Written by\" \/>\n\t<meta name=\"twitter:data1\" content=\"Adeline Renard\" \/>\n\t<meta name=\"twitter:label2\" content=\"Est. reading time\" \/>\n\t<meta name=\"twitter:data2\" content=\"2 minutes\" \/>\n<script type=\"application\/ld+json\" class=\"yoast-schema-graph\">{\"@context\":\"https:\\\/\\\/schema.org\",\"@graph\":[{\"@type\":\"Article\",\"@id\":\"https:\\\/\\\/grand-ciel.com\\\/2026-09-02-inscriptions-vues-du-ciel-2026\\\/#article\",\"isPartOf\":{\"@id\":\"https:\\\/\\\/grand-ciel.com\\\/2026-09-02-inscriptions-vues-du-ciel-2026\\\/\"},\"author\":{\"name\":\"Adeline Renard\",\"@id\":\"https:\\\/\\\/grand-ciel.com\\\/#\\\/schema\\\/person\\\/f15a6e5730d617055e696c9b761c69ed\"},\"headline\":\"Vues du Ciel 2026 &#8211; Les inscriptions sont ouvertes !\",\"datePublished\":\"2026-09-02T15:28:27+00:00\",\"dateModified\":\"2026-09-02T15:37:37+00:00\",\"mainEntityOfPage\":{\"@id\":\"https:\\\/\\\/grand-ciel.com\\\/2026-09-02-inscriptions-vues-du-ciel-2026\\\/\"},\"wordCount\":139,\"publisher\":{\"@id\":\"https:\\\/\\\/grand-ciel.com\\\/#organization\"},\"image\":{\"@id\":\"https:\\\/\\\/grand-ciel.com\\\/2026-09-02-inscriptions-vues-du-ciel-2026\\\/#primaryimage\"},\"thumbnailUrl\":\"https:\\\/\\\/grand-ciel.com\\\/wp-content\\\/uploads\\\/2026\\\/09\\\/HEADER-actu-JPro.png\",\"articleSection\":[\"Actualit\u00e9s\"],\"inLanguage\":\"en-US\"},{\"@type\":\"WebPage\",\"@id\":\"https:\\\/\\\/grand-ciel.com\\\/2026-09-02-inscriptions-vues-du-ciel-2026\\\/\",\"url\":\"https:\\\/\\\/grand-ciel.com\\\/2026-09-02-inscriptions-vues-du-ciel-2026\\\/\",\"name\":\"Vues du Ciel 2026 - Les inscriptions sont ouvertes ! - Grand CIEL\",\"isPartOf\":{\"@id\":\"https:\\\/\\\/grand-ciel.com\\\/#website\"},\"primaryImageOfPage\":{\"@id\":\"https:\\\/\\\/grand-ciel.com\\\/2026-09-02-inscriptions-vues-du-ciel-2026\\\/#primaryimage\"},\"image\":{\"@id\":\"https:\\\/\\\/grand-ciel.com\\\/2026-09-02-inscriptions-vues-du-ciel-2026\\\/#primaryimage\"},\"thumbnailUrl\":\"https:\\\/\\\/grand-ciel.com\\\/wp-content\\\/uploads\\\/2026\\\/09\\\/HEADER-actu-JPro.png\",\"datePublished\":\"2026-09-02T15:28:27+00:00\",\"dateModified\":\"2026-09-02T15:37:37+00:00\",\"description\":\"Nouveau dispositif Grand CIEL - Vues du CIEL, Journ\u00e9e de pr\u00e9sentation de projets cirque, candidatures ouvertes jusqu'au 10 juillet 2024.\",\"breadcrumb\":{\"@id\":\"https:\\\/\\\/grand-ciel.com\\\/2026-09-02-inscriptions-vues-du-ciel-2026\\\/#breadcrumb\"},\"inLanguage\":\"en-US\",\"potentialAction\":[{\"@type\":\"ReadAction\",\"target\":[\"https:\\\/\\\/grand-ciel.com\\\/2026-09-02-inscriptions-vues-du-ciel-2026\\\/\"]}]},{\"@type\":\"ImageObject\",\"inLanguage\":\"en-US\",\"@id\":\"https:\\\/\\\/grand-ciel.com\\\/2026-09-02-inscriptions-vues-du-ciel-2026\\\/#primaryimage\",\"url\":\"https:\\\/\\\/grand-ciel.com\\\/wp-content\\\/uploads\\\/2026\\\/09\\\/HEADER-actu-JPro.png\",\"contentUrl\":\"https:\\\/\\\/grand-ciel.com\\\/wp-content\\\/uploads\\\/2026\\\/09\\\/HEADER-actu-JPro.png\",\"width\":1667,\"height\":1021},{\"@type\":\"BreadcrumbList\",\"@id\":\"https:\\\/\\\/grand-ciel.com\\\/2026-09-02-inscriptions-vues-du-ciel-2026\\\/#breadcrumb\",\"itemListElement\":[{\"@type\":\"ListItem\",\"position\":1,\"name\":\"Accueil\",\"item\":\"https:\\\/\\\/grand-ciel.com\\\/en\\\/home\\\/\"},{\"@type\":\"ListItem\",\"position\":2,\"name\":\"Vues du Ciel 2026 &#8211; Les inscriptions sont ouvertes !\"}]},{\"@type\":\"WebSite\",\"@id\":\"https:\\\/\\\/grand-ciel.com\\\/#website\",\"url\":\"https:\\\/\\\/grand-ciel.com\\\/\",\"name\":\"Grand CIEL\",\"description\":\"\",\"publisher\":{\"@id\":\"https:\\\/\\\/grand-ciel.com\\\/#organization\"},\"potentialAction\":[{\"@type\":\"SearchAction\",\"target\":{\"@type\":\"EntryPoint\",\"urlTemplate\":\"https:\\\/\\\/grand-ciel.com\\\/?s={search_term_string}\"},\"query-input\":{\"@type\":\"PropertyValueSpecification\",\"valueRequired\":true,\"valueName\":\"search_term_string\"}}],\"inLanguage\":\"en-US\"},{\"@type\":\"Organization\",\"@id\":\"https:\\\/\\\/grand-ciel.com\\\/#organization\",\"name\":\"Grand CIEL\",\"url\":\"https:\\\/\\\/grand-ciel.com\\\/\",\"logo\":{\"@type\":\"ImageObject\",\"inLanguage\":\"en-US\",\"@id\":\"https:\\\/\\\/grand-ciel.com\\\/#\\\/schema\\\/logo\\\/image\\\/\",\"url\":\"https:\\\/\\\/grand-ciel.com\\\/wp-content\\\/uploads\\\/2023\\\/05\\\/logo_Grand_Ciel_orange_fond_bleu_250.jpg\",\"contentUrl\":\"https:\\\/\\\/grand-ciel.com\\\/wp-content\\\/uploads\\\/2023\\\/05\\\/logo_Grand_Ciel_orange_fond_bleu_250.jpg\",\"width\":250,\"height\":148,\"caption\":\"Grand CIEL\"},\"image\":{\"@id\":\"https:\\\/\\\/grand-ciel.com\\\/#\\\/schema\\\/logo\\\/image\\\/\"},\"sameAs\":[\"https:\\\/\\\/www.facebook.com\\\/grandcielcirque\"]},{\"@type\":\"Person\",\"@id\":\"https:\\\/\\\/grand-ciel.com\\\/#\\\/schema\\\/person\\\/f15a6e5730d617055e696c9b761c69ed\",\"name\":\"Adeline Renard\"}]}<\/script>\n<!-- \/ Yoast SEO plugin. -->","yoast_head_json":{"title":"Vues du Ciel 2026 - Les inscriptions sont ouvertes ! - Grand CIEL","description":"Nouveau dispositif Grand CIEL - Vues du CIEL, Journ\u00e9e de pr\u00e9sentation de projets cirque, candidatures ouvertes jusqu'au 10 juillet 2024.","robots":{"index":"index","follow":"follow","max-snippet":"max-snippet:-1","max-image-preview":"max-image-preview:large","max-video-preview":"max-video-preview:-1"},"canonical":"https:\/\/grand-ciel.com\/2026-09-02-inscriptions-vues-du-ciel-2026\/","og_locale":"en_US","og_type":"article","og_title":"Vues du Ciel 2026 - Les inscriptions sont ouvertes ! - Grand CIEL","og_description":"Nouveau dispositif Grand CIEL - Vues du CIEL, Journ\u00e9e de pr\u00e9sentation de projets cirque, candidatures ouvertes jusqu'au 10 juillet 2024.","og_url":"https:\/\/grand-ciel.com\/2026-09-02-inscriptions-vues-du-ciel-2026\/","og_site_name":"Grand CIEL","article_publisher":"https:\/\/www.facebook.com\/grandcielcirque","article_published_time":"2026-09-02T15:28:27+00:00","article_modified_time":"2026-09-02T15:37:37+00:00","og_image":[{"width":1667,"height":1021,"url":"https:\/\/grand-ciel.com\/wp-content\/uploads\/2026\/09\/HEADER-actu-JPro.png","type":"image\/png"}],"author":"Adeline Renard","twitter_card":"summary_large_image","twitter_misc":{"Written by":"Adeline Renard","Est. reading time":"2 minutes"},"schema":{"@context":"https:\/\/schema.org","@graph":[{"@type":"Article","@id":"https:\/\/grand-ciel.com\/2026-09-02-inscriptions-vues-du-ciel-2026\/#article","isPartOf":{"@id":"https:\/\/grand-ciel.com\/2026-09-02-inscriptions-vues-du-ciel-2026\/"},"author":{"name":"Adeline Renard","@id":"https:\/\/grand-ciel.com\/#\/schema\/person\/f15a6e5730d617055e696c9b761c69ed"},"headline":"Vues du Ciel 2026 &#8211; Les inscriptions sont ouvertes !","datePublished":"2026-09-02T15:28:27+00:00","dateModified":"2026-09-02T15:37:37+00:00","mainEntityOfPage":{"@id":"https:\/\/grand-ciel.com\/2026-09-02-inscriptions-vues-du-ciel-2026\/"},"wordCount":139,"publisher":{"@id":"https:\/\/grand-ciel.com\/#organization"},"image":{"@id":"https:\/\/grand-ciel.com\/2026-09-02-inscriptions-vues-du-ciel-2026\/#primaryimage"},"thumbnailUrl":"https:\/\/grand-ciel.com\/wp-content\/uploads\/2026\/09\/HEADER-actu-JPro.png","articleSection":["Actualit\u00e9s"],"inLanguage":"en-US"},{"@type":"WebPage","@id":"https:\/\/grand-ciel.com\/2026-09-02-inscriptions-vues-du-ciel-2026\/","url":"https:\/\/grand-ciel.com\/2026-09-02-inscriptions-vues-du-ciel-2026\/","name":"Vues du Ciel 2026 - Les inscriptions sont ouvertes ! - Grand CIEL","isPartOf":{"@id":"https:\/\/grand-ciel.com\/#website"},"primaryImageOfPage":{"@id":"https:\/\/grand-ciel.com\/2026-09-02-inscriptions-vues-du-ciel-2026\/#primaryimage"},"image":{"@id":"https:\/\/grand-ciel.com\/2026-09-02-inscriptions-vues-du-ciel-2026\/#primaryimage"},"thumbnailUrl":"https:\/\/grand-ciel.com\/wp-content\/uploads\/2026\/09\/HEADER-actu-JPro.png","datePublished":"2026-09-02T15:28:27+00:00","dateModified":"2026-09-02T15:37:37+00:00","description":"Nouveau dispositif Grand CIEL - Vues du CIEL, Journ\u00e9e de pr\u00e9sentation de projets cirque, candidatures ouvertes jusqu'au 10 juillet 2024.","breadcrumb":{"@id":"https:\/\/grand-ciel.com\/2026-09-02-inscriptions-vues-du-ciel-2026\/#breadcrumb"},"inLanguage":"en-US","potentialAction":[{"@type":"ReadAction","target":["https:\/\/grand-ciel.com\/2026-09-02-inscriptions-vues-du-ciel-2026\/"]}]},{"@type":"ImageObject","inLanguage":"en-US","@id":"https:\/\/grand-ciel.com\/2026-09-02-inscriptions-vues-du-ciel-2026\/#primaryimage","url":"https:\/\/grand-ciel.com\/wp-content\/uploads\/2026\/09\/HEADER-actu-JPro.png","contentUrl":"https:\/\/grand-ciel.com\/wp-content\/uploads\/2026\/09\/HEADER-actu-JPro.png","width":1667,"height":1021},{"@type":"BreadcrumbList","@id":"https:\/\/grand-ciel.com\/2026-09-02-inscriptions-vues-du-ciel-2026\/#breadcrumb","itemListElement":[{"@type":"ListItem","position":1,"name":"Accueil","item":"https:\/\/grand-ciel.com\/en\/home\/"},{"@type":"ListItem","position":2,"name":"Vues du Ciel 2026 &#8211; Les inscriptions sont ouvertes !"}]},{"@type":"WebSite","@id":"https:\/\/grand-ciel.com\/#website","url":"https:\/\/grand-ciel.com\/","name":"Grand CIEL","description":"","publisher":{"@id":"https:\/\/grand-ciel.com\/#organization"},"potentialAction":[{"@type":"SearchAction","target":{"@type":"EntryPoint","urlTemplate":"https:\/\/grand-ciel.com\/?s={search_term_string}"},"query-input":{"@type":"PropertyValueSpecification","valueRequired":true,"valueName":"search_term_string"}}],"inLanguage":"en-US"},{"@type":"Organization","@id":"https:\/\/grand-ciel.com\/#organization","name":"Grand CIEL","url":"https:\/\/grand-ciel.com\/","logo":{"@type":"ImageObject","inLanguage":"en-US","@id":"https:\/\/grand-ciel.com\/#\/schema\/logo\/image\/","url":"https:\/\/grand-ciel.com\/wp-content\/uploads\/2023\/05\/logo_Grand_Ciel_orange_fond_bleu_250.jpg","contentUrl":"https:\/\/grand-ciel.com\/wp-content\/uploads\/2023\/05\/logo_Grand_Ciel_orange_fond_bleu_250.jpg","width":250,"height":148,"caption":"Grand CIEL"},"image":{"@id":"https:\/\/grand-ciel.com\/#\/schema\/logo\/image\/"},"sameAs":["https:\/\/www.facebook.com\/grandcielcirque"]},{"@type":"Person","@id":"https:\/\/grand-ciel.com\/#\/schema\/person\/f15a6e5730d617055e696c9b761c69ed","name":"Adeline Renard"}]}},"uagb_featured_image_src":{"full":["https:\/\/grand-ciel.com\/wp-content\/uploads\/2026\/09\/HEADER-actu-JPro.png",1667,1021,false],"thumbnail":["https:\/\/grand-ciel.com\/wp-content\/uploads\/2026\/09\/HEADER-actu-JPro-150x150.png",150,150,true],"medium":["https:\/\/grand-ciel.com\/wp-content\/uploads\/2026\/09\/HEADER-actu-JPro-480x294.png",480,294,true],"medium_large":["https:\/\/grand-ciel.com\/wp-content\/uploads\/2026\/09\/HEADER-actu-JPro-768x470.png",768,470,true],"large":["https:\/\/grand-ciel.com\/wp-content\/uploads\/2026\/09\/HEADER-actu-JPro-816x500.png",816,500,true],"gs-tiny":["https:\/\/grand-ciel.com\/wp-content\/uploads\/2026\/09\/HEADER-actu-JPro-50x31.png",50,31,true],"xl":["https:\/\/grand-ciel.com\/wp-content\/uploads\/2026\/09\/HEADER-actu-JPro-1600x980.png",1600,980,true],"xxl":["https:\/\/grand-ciel.com\/wp-content\/uploads\/2026\/09\/HEADER-actu-JPro.png",1667,1021,false],"xxxl":["https:\/\/grand-ciel.com\/wp-content\/uploads\/2026\/09\/HEADER-actu-JPro.png",1667,1021,false],"xxxxl":["https:\/\/grand-ciel.com\/wp-content\/uploads\/2026\/09\/HEADER-actu-JPro.png",1667,1021,false],"xxxxxl":["https:\/\/grand-ciel.com\/wp-content\/uploads\/2026\/09\/HEADER-actu-JPro.png",1667,1021,false],"1536x1536":["https:\/\/grand-ciel.com\/wp-content\/uploads\/2026\/09\/HEADER-actu-JPro-1536x941.png",1536,941,true],"2048x2048":["https:\/\/grand-ciel.com\/wp-content\/uploads\/2026\/09\/HEADER-actu-JPro.png",1667,1021,false]},"uagb_author_info":{"display_name":"Adeline Renard","author_link":"https:\/\/grand-ciel.com\/en\/author\/adeline-renard\/"},"uagb_comment_info":0,"uagb_excerpt":"Dispositif Grand CIEL &#8211; Vues du CIEL, Journ\u00e9e de pr\u00e9sentation de projets Cette journ\u00e9e permet \u00e0 des compagnies circassiennes de d\u00e9voiler un projet de cr\u00e9ation aux diffuseurs du Grand Est mais pas seulement. Cette pr\u00e9sentation peut prendre des formes diff\u00e9rentes&nbsp;: extraits au plateau\/piste, pr\u00e9sentation de maquette,\u2026 Rendez-vous le vendredi 2 octobre 2026 au CCAM de&hellip;","mfb_rest_fields":["title","yoast_head","yoast_head_json","uagb_featured_image_src","uagb_author_info","uagb_comment_info","uagb_excerpt"],"_links":{"self":[{"href":"https:\/\/grand-ciel.com\/en\/wp-json\/wp\/v2\/posts\/4079","targetHints":{"allow":["GET"]}}],"collection":[{"href":"https:\/\/grand-ciel.com\/en\/wp-json\/wp\/v2\/posts"}],"about":[{"href":"https:\/\/grand-ciel.com\/en\/wp-json\/wp\/v2\/types\/post"}],"author":[{"embeddable":true,"href":"https:\/\/grand-ciel.com\/en\/wp-json\/wp\/v2\/users\/33"}],"replies":[{"embeddable":true,"href":"https:\/\/grand-ciel.com\/en\/wp-json\/wp\/v2\/comments?post=4079"}],"version-history":[{"count":3,"href":"https:\/\/grand-ciel.com\/en\/wp-json\/wp\/v2\/posts\/4079\/revisions"}],"predecessor-version":[{"id":4085,"href":"https:\/\/grand-ciel.com\/en\/wp-json\/wp\/v2\/posts\/4079\/revisions\/4085"}],"wp:featuredmedia":[{"embeddable":true,"href":"https:\/\/grand-ciel.com\/en\/wp-json\/wp\/v2\/media\/4086"}],"wp:attachment":[{"href":"https:\/\/grand-ciel.com\/en\/wp-json\/wp\/v2\/media?parent=4079"}],"wp:term":[{"taxonomy":"category","embeddable":true,"href":"https:\/\/grand-ciel.com\/en\/wp-json\/wp\/v2\/categories?post=4079"},{"taxonomy":"post_tag","embeddable":true,"href":"https:\/\/grand-ciel.com\/en\/wp-json\/wp\/v2\/tags?post=4079"}],"curies":[{"name":"wp","href":"https:\/\/api.w.org\/{rel}","templated":true}]}}