{"id":2883,"date":"2024-09-26T15:49:11","date_gmt":"2024-09-26T13:49:11","guid":{"rendered":"https:\/\/grand-ciel.com\/?p=2883"},"modified":"2024-10-09T16:17:25","modified_gmt":"2024-10-09T14:17:25","slug":"j-7-diffuseurs-programmateurs-a-vos-agendas","status":"publish","type":"post","link":"https:\/\/grand-ciel.com\/en\/2024-09-26-j-7-diffuseurs-programmateurs-a-vos-agendas\/","title":{"rendered":"J-3 \ud83d\udd70\ufe0fDiffuseurs, programmateurs : venez nombreux !"},"content":{"rendered":"\n<p><\/p>\n\n\n\n<p><\/p>\n\n\n\n<p class=\"has-secondary-color has-text-color has-link-color has-large-font-size wp-elements-e5e230328f3e216ba08ac9b395957522\"><strong>Vues du CIEL, Journ\u00e9e de pr\u00e9sentation de projets<br>1\u00e8re \u00e9dition<\/strong><\/p>\n\n\n\n<p>Cette premi\u00e8re \u00e9dition se d\u00e9roulera le jeudi 3 octobre 2024  et sera accueillie par le PALC \u00e0 Ch\u00e2lons-en-Champagne.<\/p>\n\n\n\n<p>Cette journ\u00e9e permettra \u00e0 des compagnies circassiennes de d\u00e9voiler un projet de cr\u00e9ation aux diffuseurs du Grand Est mais pas seulement. Cette pr\u00e9sentation pourra prendre des formes diff\u00e9rentes&nbsp;: extraits au plateau\/piste, pr\u00e9sentation de maquette,\u2026<\/p>\n\n\n\n<p>Elle permettra aux \u00e9quipes artistiques de rencontrer les acteurs de la fili\u00e8re cirque et les programmateurs de la r\u00e9gion. Et \u00e0 l\u2019inverse de favoriser la connaissance des \u00e9quipes et projets de cirque aupr\u00e8s de nos de nos adh\u00e9rents et plus g\u00e9n\u00e9ralement des diffuseurs pr\u00e9sents.<\/p>\n\n\n\n<p class=\"has-text-align-center has-secondary-color has-text-color has-link-color has-large-font-size wp-elements-8aedac773a48f2c017e713ff3dda3e17\"><strong>Vous \u00eates programmateur ? professionnels du spectacle vivant ? <br>inscrivez vous ici sans plus tarder !<\/strong><\/p>\n\n\n\n<div class=\"wp-block-uagb-buttons uagb-buttons__outer-wrap uagb-btn__default-btn uagb-btn-tablet__default-btn uagb-btn-mobile__default-btn uagb-block-dba8e53f\"><div class=\"uagb-buttons__wrap uagb-buttons-layout-wrap \">\n<div class=\"wp-block-uagb-buttons-child uagb-buttons__outer-wrap uagb-block-85b5c6e6 wp-block-button\"><div class=\"uagb-button__wrapper\"><a class=\"uagb-buttons-repeater wp-block-button__link\" aria-label=\"\" href=\"https:\/\/framaforms.org\/inscription-pro-vues-du-ciel-1726653747\" rel=\"follow noopener\" target=\"_blank\" role=\"button\"><div class=\"uagb-button__link\">JE M&#8217;INSCRIS<\/div><\/a><\/div><\/div>\n<\/div><\/div>\n\n\n\n<p class=\"has-text-align-center has-primary-color has-text-color has-link-color has-medium-font-size wp-elements-33299d58630ac05671e827dfb0ed54ca\"><strong>ci dessous le planning de la journ\u00e9e (qui bouge encore un peu)<\/strong><\/p>\n\n\n\n<div class=\"wp-block-uagb-image uagb-block-fd6b30b4 wp-block-uagb-image--layout-default wp-block-uagb-image--effect-static wp-block-uagb-image--align-none\"><figure class=\"wp-block-uagb-image__figure\"><img decoding=\"async\" srcset=\"https:\/\/grand-ciel.com\/wp-content\/uploads\/2024\/09\/planning-1.png ,https:\/\/grand-ciel.com\/wp-content\/uploads\/2024\/09\/planning-1.png 780w, https:\/\/grand-ciel.com\/wp-content\/uploads\/2024\/09\/planning-1.png 360w\" sizes=\"auto, (max-width: 480px) 150px\" src=\"https:\/\/grand-ciel.com\/wp-content\/uploads\/2024\/09\/planning-1.png\" alt=\"\" class=\"uag-image-2897\" width=\"950\" height=\"455\" title=\"planning\" loading=\"lazy\" role=\"img\"\/><\/figure><\/div>\n\n\n\n<p class=\"has-text-align-center\"><strong><a href=\"https:\/\/maps.app.goo.gl\/JyxStGGbhrA6qXtk8\">plan d&#8217;acc\u00e8s \/ stationnement possible dans la cour des casernes<\/a><\/strong><\/p>\n\n\n\n<p class=\"has-text-align-center\">Chapiteau du Palc<br>8-10 Av. de Valmy, <br>51000 Ch\u00e2lons-en-Champagne<\/p>\n\n\n\n<p class=\"has-text-align-center\"><a href=\"https:\/\/maps.app.goo.gl\/oG9XXUnXVJ51waqd7\">Salle Rive Gauche &#8211; L&#8217;Entre-Sort de Furies<br>15 Rue de Fagni\u00e8res, <br>51000 Ch\u00e2lons-en-Champagne<\/a><\/p>\n\n\n\n<p>+ d&#8217;infos : <a href=\"mailto:sg@grand-ciel.com\">sg[a]grand-ciel.com<\/a><\/p>\n\n\n\n<p><\/p>\n","protected":false},"excerpt":{"rendered":"<p>Vues du CIEL, Journ\u00e9e de pr\u00e9sentation de projets1\u00e8re \u00e9dition Cette premi\u00e8re \u00e9dition se d\u00e9roulera le jeudi 3 octobre 2024 et sera accueillie par le PALC \u00e0 Ch\u00e2lons-en-Champagne. Cette journ\u00e9e permettra \u00e0 des compagnies circassiennes de d\u00e9voiler un projet de cr\u00e9ation aux diffuseurs du Grand Est mais pas seulement. Cette pr\u00e9sentation pourra prendre des formes diff\u00e9rentes&nbsp;: [&hellip;]<\/p>\n","protected":false},"author":31,"featured_media":2765,"comment_status":"closed","ping_status":"closed","sticky":false,"template":"","format":"standard","meta":{"_uag_custom_page_level_css":"","footnotes":""},"categories":[14],"tags":[],"class_list":["post-2883","post","type-post","status-publish","format-standard","has-post-thumbnail","hentry","category-actualites"],"mb":[],"yoast_head":"<!-- This site is optimized with the Yoast SEO plugin v27.2 - https:\/\/yoast.com\/product\/yoast-seo-wordpress\/ -->\n<title>J-3 \ud83d\udd70\ufe0fDiffuseurs, programmateurs : venez nombreux ! - Grand CIEL<\/title>\n<meta name=\"robots\" content=\"index, follow, max-snippet:-1, max-image-preview:large, max-video-preview:-1\" \/>\n<link rel=\"canonical\" href=\"https:\/\/grand-ciel.com\/2024-09-26-j-7-diffuseurs-programmateurs-a-vos-agendas\/\" \/>\n<meta property=\"og:locale\" content=\"en_US\" \/>\n<meta property=\"og:type\" content=\"article\" \/>\n<meta property=\"og:title\" content=\"J-3 \ud83d\udd70\ufe0fDiffuseurs, programmateurs : venez nombreux ! - Grand CIEL\" \/>\n<meta property=\"og:description\" content=\"Vues du CIEL, Journ\u00e9e de pr\u00e9sentation de projets1\u00e8re \u00e9dition Cette premi\u00e8re \u00e9dition se d\u00e9roulera le jeudi 3 octobre 2024 et sera accueillie par le PALC \u00e0 Ch\u00e2lons-en-Champagne. Cette journ\u00e9e permettra \u00e0 des compagnies circassiennes de d\u00e9voiler un projet de cr\u00e9ation aux diffuseurs du Grand Est mais pas seulement. Cette pr\u00e9sentation pourra prendre des formes diff\u00e9rentes&nbsp;: [&hellip;]\" \/>\n<meta property=\"og:url\" content=\"https:\/\/grand-ciel.com\/2024-09-26-j-7-diffuseurs-programmateurs-a-vos-agendas\/\" \/>\n<meta property=\"og:site_name\" content=\"Grand CIEL\" \/>\n<meta property=\"article:publisher\" content=\"https:\/\/www.facebook.com\/grandcielcirque\" \/>\n<meta property=\"article:published_time\" content=\"2024-09-26T13:49:11+00:00\" \/>\n<meta property=\"article:modified_time\" content=\"2024-10-09T14:17:25+00:00\" \/>\n<meta property=\"og:image\" content=\"https:\/\/grand-ciel.com\/wp-content\/uploads\/2024\/09\/POST-Vues-du-CIEL-e1728483430726.png\" \/>\n\t<meta property=\"og:image:width\" content=\"1438\" \/>\n\t<meta property=\"og:image:height\" content=\"686\" \/>\n\t<meta property=\"og:image:type\" content=\"image\/png\" \/>\n<meta name=\"author\" content=\"Adeline Renard\" \/>\n<meta name=\"twitter:card\" content=\"summary_large_image\" \/>\n<meta name=\"twitter:label1\" content=\"Written by\" \/>\n\t<meta name=\"twitter:data1\" content=\"Adeline Renard\" \/>\n\t<meta name=\"twitter:label2\" content=\"Est. reading time\" \/>\n\t<meta name=\"twitter:data2\" content=\"2 minutes\" \/>\n<script type=\"application\/ld+json\" class=\"yoast-schema-graph\">{\"@context\":\"https:\/\/schema.org\",\"@graph\":[{\"@type\":\"Article\",\"@id\":\"https:\/\/grand-ciel.com\/2024-09-26-j-7-diffuseurs-programmateurs-a-vos-agendas\/#article\",\"isPartOf\":{\"@id\":\"https:\/\/grand-ciel.com\/2024-09-26-j-7-diffuseurs-programmateurs-a-vos-agendas\/\"},\"author\":{\"name\":\"Adeline Renard\",\"@id\":\"https:\/\/grand-ciel.com\/#\/schema\/person\/f2743dc309e2e7417b986d5f6250a2e9\"},\"headline\":\"J-3 \ud83d\udd70\ufe0fDiffuseurs, programmateurs : venez nombreux !\",\"datePublished\":\"2024-09-26T13:49:11+00:00\",\"dateModified\":\"2024-10-09T14:17:25+00:00\",\"mainEntityOfPage\":{\"@id\":\"https:\/\/grand-ciel.com\/2024-09-26-j-7-diffuseurs-programmateurs-a-vos-agendas\/\"},\"wordCount\":196,\"publisher\":{\"@id\":\"https:\/\/grand-ciel.com\/#organization\"},\"image\":{\"@id\":\"https:\/\/grand-ciel.com\/2024-09-26-j-7-diffuseurs-programmateurs-a-vos-agendas\/#primaryimage\"},\"thumbnailUrl\":\"https:\/\/grand-ciel.com\/wp-content\/uploads\/2024\/09\/POST-Vues-du-CIEL-e1728483430726.png\",\"articleSection\":[\"Actualit\u00e9s\"],\"inLanguage\":\"en-US\"},{\"@type\":\"WebPage\",\"@id\":\"https:\/\/grand-ciel.com\/2024-09-26-j-7-diffuseurs-programmateurs-a-vos-agendas\/\",\"url\":\"https:\/\/grand-ciel.com\/2024-09-26-j-7-diffuseurs-programmateurs-a-vos-agendas\/\",\"name\":\"J-3 \ud83d\udd70\ufe0fDiffuseurs, programmateurs : venez nombreux ! - Grand CIEL\",\"isPartOf\":{\"@id\":\"https:\/\/grand-ciel.com\/#website\"},\"primaryImageOfPage\":{\"@id\":\"https:\/\/grand-ciel.com\/2024-09-26-j-7-diffuseurs-programmateurs-a-vos-agendas\/#primaryimage\"},\"image\":{\"@id\":\"https:\/\/grand-ciel.com\/2024-09-26-j-7-diffuseurs-programmateurs-a-vos-agendas\/#primaryimage\"},\"thumbnailUrl\":\"https:\/\/grand-ciel.com\/wp-content\/uploads\/2024\/09\/POST-Vues-du-CIEL-e1728483430726.png\",\"datePublished\":\"2024-09-26T13:49:11+00:00\",\"dateModified\":\"2024-10-09T14:17:25+00:00\",\"breadcrumb\":{\"@id\":\"https:\/\/grand-ciel.com\/2024-09-26-j-7-diffuseurs-programmateurs-a-vos-agendas\/#breadcrumb\"},\"inLanguage\":\"en-US\",\"potentialAction\":[{\"@type\":\"ReadAction\",\"target\":[\"https:\/\/grand-ciel.com\/2024-09-26-j-7-diffuseurs-programmateurs-a-vos-agendas\/\"]}]},{\"@type\":\"ImageObject\",\"inLanguage\":\"en-US\",\"@id\":\"https:\/\/grand-ciel.com\/2024-09-26-j-7-diffuseurs-programmateurs-a-vos-agendas\/#primaryimage\",\"url\":\"https:\/\/grand-ciel.com\/wp-content\/uploads\/2024\/09\/POST-Vues-du-CIEL-e1728483430726.png\",\"contentUrl\":\"https:\/\/grand-ciel.com\/wp-content\/uploads\/2024\/09\/POST-Vues-du-CIEL-e1728483430726.png\",\"width\":1438,\"height\":686},{\"@type\":\"BreadcrumbList\",\"@id\":\"https:\/\/grand-ciel.com\/2024-09-26-j-7-diffuseurs-programmateurs-a-vos-agendas\/#breadcrumb\",\"itemListElement\":[{\"@type\":\"ListItem\",\"position\":1,\"name\":\"Accueil\",\"item\":\"https:\/\/grand-ciel.com\/en\/home\/\"},{\"@type\":\"ListItem\",\"position\":2,\"name\":\"J-3 \ud83d\udd70\ufe0fDiffuseurs, programmateurs : venez nombreux !\"}]},{\"@type\":\"WebSite\",\"@id\":\"https:\/\/grand-ciel.com\/#website\",\"url\":\"https:\/\/grand-ciel.com\/\",\"name\":\"Grand CIEL\",\"description\":\"\",\"publisher\":{\"@id\":\"https:\/\/grand-ciel.com\/#organization\"},\"potentialAction\":[{\"@type\":\"SearchAction\",\"target\":{\"@type\":\"EntryPoint\",\"urlTemplate\":\"https:\/\/grand-ciel.com\/?s={search_term_string}\"},\"query-input\":{\"@type\":\"PropertyValueSpecification\",\"valueRequired\":true,\"valueName\":\"search_term_string\"}}],\"inLanguage\":\"en-US\"},{\"@type\":\"Organization\",\"@id\":\"https:\/\/grand-ciel.com\/#organization\",\"name\":\"Grand CIEL\",\"url\":\"https:\/\/grand-ciel.com\/\",\"logo\":{\"@type\":\"ImageObject\",\"inLanguage\":\"en-US\",\"@id\":\"https:\/\/grand-ciel.com\/#\/schema\/logo\/image\/\",\"url\":\"https:\/\/grand-ciel.com\/wp-content\/uploads\/2023\/05\/logo_Grand_Ciel_orange_fond_bleu_250.jpg\",\"contentUrl\":\"https:\/\/grand-ciel.com\/wp-content\/uploads\/2023\/05\/logo_Grand_Ciel_orange_fond_bleu_250.jpg\",\"width\":250,\"height\":148,\"caption\":\"Grand CIEL\"},\"image\":{\"@id\":\"https:\/\/grand-ciel.com\/#\/schema\/logo\/image\/\"},\"sameAs\":[\"https:\/\/www.facebook.com\/grandcielcirque\"]},{\"@type\":\"Person\",\"@id\":\"https:\/\/grand-ciel.com\/#\/schema\/person\/f2743dc309e2e7417b986d5f6250a2e9\",\"name\":\"Adeline Renard\"}]}<\/script>\n<!-- \/ Yoast SEO plugin. -->","yoast_head_json":{"title":"J-3 \ud83d\udd70\ufe0fDiffuseurs, programmateurs : venez nombreux ! - Grand CIEL","robots":{"index":"index","follow":"follow","max-snippet":"max-snippet:-1","max-image-preview":"max-image-preview:large","max-video-preview":"max-video-preview:-1"},"canonical":"https:\/\/grand-ciel.com\/2024-09-26-j-7-diffuseurs-programmateurs-a-vos-agendas\/","og_locale":"en_US","og_type":"article","og_title":"J-3 \ud83d\udd70\ufe0fDiffuseurs, programmateurs : venez nombreux ! - Grand CIEL","og_description":"Vues du CIEL, Journ\u00e9e de pr\u00e9sentation de projets1\u00e8re \u00e9dition Cette premi\u00e8re \u00e9dition se d\u00e9roulera le jeudi 3 octobre 2024 et sera accueillie par le PALC \u00e0 Ch\u00e2lons-en-Champagne. Cette journ\u00e9e permettra \u00e0 des compagnies circassiennes de d\u00e9voiler un projet de cr\u00e9ation aux diffuseurs du Grand Est mais pas seulement. Cette pr\u00e9sentation pourra prendre des formes diff\u00e9rentes&nbsp;: [&hellip;]","og_url":"https:\/\/grand-ciel.com\/2024-09-26-j-7-diffuseurs-programmateurs-a-vos-agendas\/","og_site_name":"Grand CIEL","article_publisher":"https:\/\/www.facebook.com\/grandcielcirque","article_published_time":"2024-09-26T13:49:11+00:00","article_modified_time":"2024-10-09T14:17:25+00:00","og_image":[{"width":1438,"height":686,"url":"https:\/\/grand-ciel.com\/wp-content\/uploads\/2024\/09\/POST-Vues-du-CIEL-e1728483430726.png","type":"image\/png"}],"author":"Adeline Renard","twitter_card":"summary_large_image","twitter_misc":{"Written by":"Adeline Renard","Est. reading time":"2 minutes"},"schema":{"@context":"https:\/\/schema.org","@graph":[{"@type":"Article","@id":"https:\/\/grand-ciel.com\/2024-09-26-j-7-diffuseurs-programmateurs-a-vos-agendas\/#article","isPartOf":{"@id":"https:\/\/grand-ciel.com\/2024-09-26-j-7-diffuseurs-programmateurs-a-vos-agendas\/"},"author":{"name":"Adeline Renard","@id":"https:\/\/grand-ciel.com\/#\/schema\/person\/f2743dc309e2e7417b986d5f6250a2e9"},"headline":"J-3 \ud83d\udd70\ufe0fDiffuseurs, programmateurs : venez nombreux !","datePublished":"2024-09-26T13:49:11+00:00","dateModified":"2024-10-09T14:17:25+00:00","mainEntityOfPage":{"@id":"https:\/\/grand-ciel.com\/2024-09-26-j-7-diffuseurs-programmateurs-a-vos-agendas\/"},"wordCount":196,"publisher":{"@id":"https:\/\/grand-ciel.com\/#organization"},"image":{"@id":"https:\/\/grand-ciel.com\/2024-09-26-j-7-diffuseurs-programmateurs-a-vos-agendas\/#primaryimage"},"thumbnailUrl":"https:\/\/grand-ciel.com\/wp-content\/uploads\/2024\/09\/POST-Vues-du-CIEL-e1728483430726.png","articleSection":["Actualit\u00e9s"],"inLanguage":"en-US"},{"@type":"WebPage","@id":"https:\/\/grand-ciel.com\/2024-09-26-j-7-diffuseurs-programmateurs-a-vos-agendas\/","url":"https:\/\/grand-ciel.com\/2024-09-26-j-7-diffuseurs-programmateurs-a-vos-agendas\/","name":"J-3 \ud83d\udd70\ufe0fDiffuseurs, programmateurs : venez nombreux ! - Grand CIEL","isPartOf":{"@id":"https:\/\/grand-ciel.com\/#website"},"primaryImageOfPage":{"@id":"https:\/\/grand-ciel.com\/2024-09-26-j-7-diffuseurs-programmateurs-a-vos-agendas\/#primaryimage"},"image":{"@id":"https:\/\/grand-ciel.com\/2024-09-26-j-7-diffuseurs-programmateurs-a-vos-agendas\/#primaryimage"},"thumbnailUrl":"https:\/\/grand-ciel.com\/wp-content\/uploads\/2024\/09\/POST-Vues-du-CIEL-e1728483430726.png","datePublished":"2024-09-26T13:49:11+00:00","dateModified":"2024-10-09T14:17:25+00:00","breadcrumb":{"@id":"https:\/\/grand-ciel.com\/2024-09-26-j-7-diffuseurs-programmateurs-a-vos-agendas\/#breadcrumb"},"inLanguage":"en-US","potentialAction":[{"@type":"ReadAction","target":["https:\/\/grand-ciel.com\/2024-09-26-j-7-diffuseurs-programmateurs-a-vos-agendas\/"]}]},{"@type":"ImageObject","inLanguage":"en-US","@id":"https:\/\/grand-ciel.com\/2024-09-26-j-7-diffuseurs-programmateurs-a-vos-agendas\/#primaryimage","url":"https:\/\/grand-ciel.com\/wp-content\/uploads\/2024\/09\/POST-Vues-du-CIEL-e1728483430726.png","contentUrl":"https:\/\/grand-ciel.com\/wp-content\/uploads\/2024\/09\/POST-Vues-du-CIEL-e1728483430726.png","width":1438,"height":686},{"@type":"BreadcrumbList","@id":"https:\/\/grand-ciel.com\/2024-09-26-j-7-diffuseurs-programmateurs-a-vos-agendas\/#breadcrumb","itemListElement":[{"@type":"ListItem","position":1,"name":"Accueil","item":"https:\/\/grand-ciel.com\/en\/home\/"},{"@type":"ListItem","position":2,"name":"J-3 \ud83d\udd70\ufe0fDiffuseurs, programmateurs : venez nombreux !"}]},{"@type":"WebSite","@id":"https:\/\/grand-ciel.com\/#website","url":"https:\/\/grand-ciel.com\/","name":"Grand CIEL","description":"","publisher":{"@id":"https:\/\/grand-ciel.com\/#organization"},"potentialAction":[{"@type":"SearchAction","target":{"@type":"EntryPoint","urlTemplate":"https:\/\/grand-ciel.com\/?s={search_term_string}"},"query-input":{"@type":"PropertyValueSpecification","valueRequired":true,"valueName":"search_term_string"}}],"inLanguage":"en-US"},{"@type":"Organization","@id":"https:\/\/grand-ciel.com\/#organization","name":"Grand CIEL","url":"https:\/\/grand-ciel.com\/","logo":{"@type":"ImageObject","inLanguage":"en-US","@id":"https:\/\/grand-ciel.com\/#\/schema\/logo\/image\/","url":"https:\/\/grand-ciel.com\/wp-content\/uploads\/2023\/05\/logo_Grand_Ciel_orange_fond_bleu_250.jpg","contentUrl":"https:\/\/grand-ciel.com\/wp-content\/uploads\/2023\/05\/logo_Grand_Ciel_orange_fond_bleu_250.jpg","width":250,"height":148,"caption":"Grand CIEL"},"image":{"@id":"https:\/\/grand-ciel.com\/#\/schema\/logo\/image\/"},"sameAs":["https:\/\/www.facebook.com\/grandcielcirque"]},{"@type":"Person","@id":"https:\/\/grand-ciel.com\/#\/schema\/person\/f2743dc309e2e7417b986d5f6250a2e9","name":"Adeline Renard"}]}},"uagb_featured_image_src":{"full":["https:\/\/grand-ciel.com\/wp-content\/uploads\/2024\/09\/POST-Vues-du-CIEL-e1728483430726.png",1438,686,false],"thumbnail":["https:\/\/grand-ciel.com\/wp-content\/uploads\/2024\/09\/POST-Vues-du-CIEL-e1728483430726-150x150.png",150,150,true],"medium":["https:\/\/grand-ciel.com\/wp-content\/uploads\/2024\/09\/POST-Vues-du-CIEL-e1728483430726-480x229.png",480,229,true],"medium_large":["https:\/\/grand-ciel.com\/wp-content\/uploads\/2024\/09\/POST-Vues-du-CIEL-e1728483430726-768x366.png",768,366,true],"large":["https:\/\/grand-ciel.com\/wp-content\/uploads\/2024\/09\/POST-Vues-du-CIEL-e1728483430726-990x472.png",990,472,true],"gs-tiny":["https:\/\/grand-ciel.com\/wp-content\/uploads\/2024\/09\/POST-Vues-du-CIEL-e1728483430726-50x24.png",50,24,true],"xl":["https:\/\/grand-ciel.com\/wp-content\/uploads\/2024\/09\/POST-Vues-du-CIEL-1600x1105.png",1600,1105,true],"xxl":["https:\/\/grand-ciel.com\/wp-content\/uploads\/2024\/09\/POST-Vues-du-CIEL-e1728483430726.png",1438,686,false],"xxxl":["https:\/\/grand-ciel.com\/wp-content\/uploads\/2024\/09\/POST-Vues-du-CIEL-e1728483430726.png",1438,686,false],"xxxxl":["https:\/\/grand-ciel.com\/wp-content\/uploads\/2024\/09\/POST-Vues-du-CIEL-e1728483430726.png",1438,686,false],"xxxxxl":["https:\/\/grand-ciel.com\/wp-content\/uploads\/2024\/09\/POST-Vues-du-CIEL-e1728483430726.png",1438,686,false],"1536x1536":["https:\/\/grand-ciel.com\/wp-content\/uploads\/2024\/09\/POST-Vues-du-CIEL-1536x1061.png",1536,1061,true],"2048x2048":["https:\/\/grand-ciel.com\/wp-content\/uploads\/2024\/09\/POST-Vues-du-CIEL-e1728483430726.png",1438,686,false]},"uagb_author_info":{"display_name":"Adeline Renard","author_link":"https:\/\/grand-ciel.com\/en\/author\/adelinetestgc\/"},"uagb_comment_info":0,"uagb_excerpt":"Vues du CIEL, Journ\u00e9e de pr\u00e9sentation de projets1\u00e8re \u00e9dition Cette premi\u00e8re \u00e9dition se d\u00e9roulera le jeudi 3 octobre 2024 et sera accueillie par le PALC \u00e0 Ch\u00e2lons-en-Champagne. Cette journ\u00e9e permettra \u00e0 des compagnies circassiennes de d\u00e9voiler un projet de cr\u00e9ation aux diffuseurs du Grand Est mais pas seulement. Cette pr\u00e9sentation pourra prendre des formes diff\u00e9rentes&nbsp;:&hellip;","mfb_rest_fields":["title","yoast_head","yoast_head_json","uagb_featured_image_src","uagb_author_info","uagb_comment_info","uagb_excerpt"],"_links":{"self":[{"href":"https:\/\/grand-ciel.com\/en\/wp-json\/wp\/v2\/posts\/2883","targetHints":{"allow":["GET"]}}],"collection":[{"href":"https:\/\/grand-ciel.com\/en\/wp-json\/wp\/v2\/posts"}],"about":[{"href":"https:\/\/grand-ciel.com\/en\/wp-json\/wp\/v2\/types\/post"}],"author":[{"embeddable":true,"href":"https:\/\/grand-ciel.com\/en\/wp-json\/wp\/v2\/users\/31"}],"replies":[{"embeddable":true,"href":"https:\/\/grand-ciel.com\/en\/wp-json\/wp\/v2\/comments?post=2883"}],"version-history":[{"count":2,"href":"https:\/\/grand-ciel.com\/en\/wp-json\/wp\/v2\/posts\/2883\/revisions"}],"predecessor-version":[{"id":2902,"href":"https:\/\/grand-ciel.com\/en\/wp-json\/wp\/v2\/posts\/2883\/revisions\/2902"}],"wp:featuredmedia":[{"embeddable":true,"href":"https:\/\/grand-ciel.com\/en\/wp-json\/wp\/v2\/media\/2765"}],"wp:attachment":[{"href":"https:\/\/grand-ciel.com\/en\/wp-json\/wp\/v2\/media?parent=2883"}],"wp:term":[{"taxonomy":"category","embeddable":true,"href":"https:\/\/grand-ciel.com\/en\/wp-json\/wp\/v2\/categories?post=2883"},{"taxonomy":"post_tag","embeddable":true,"href":"https:\/\/grand-ciel.com\/en\/wp-json\/wp\/v2\/tags?post=2883"}],"curies":[{"name":"wp","href":"https:\/\/api.w.org\/{rel}","templated":true}]}}