{"id":2561,"date":"2024-08-28T22:34:36","date_gmt":"2024-08-28T20:34:36","guid":{"rendered":"https:\/\/grand-ciel.com\/?p=2561"},"modified":"2024-09-15T15:19:56","modified_gmt":"2024-09-15T13:19:56","slug":"diffuseurs-programmateurs-a-vos-agendas","status":"publish","type":"post","link":"https:\/\/grand-ciel.com\/en\/2024-08-28-diffuseurs-programmateurs-a-vos-agendas\/","title":{"rendered":"Diffuseurs, programmateurs : \u00e0 vos agendas !"},"content":{"rendered":"\n<p><strong>Vues du CIEL, Journ\u00e9e de pr\u00e9sentation de projets<\/strong><\/p>\n\n\n\n<p>Cette premi\u00e8re \u00e9dition  se d\u00e9roulera le jeudi 3 octobre 2024 et sera accueillie par le PALC \u00e0 Ch\u00e2lons-en-Champagne.<\/p>\n\n\n\n<p>Cette journ\u00e9e permettra \u00e0 des compagnies circassiennes de d\u00e9voiler un projet de cr\u00e9ation aux diffuseurs du Grand Est mais pas seulement. Cette pr\u00e9sentation pourra prendre des formes diff\u00e9rentes&nbsp;: extraits au plateau\/piste, pr\u00e9sentation de maquette,\u2026<\/p>\n\n\n\n<p>Elle permettra aux \u00e9quipes artistiques de rencontrer les acteurs de la fili\u00e8re cirque et les programmateurs de la r\u00e9gion. Et \u00e0 l\u2019inverse de favoriser la connaissance des \u00e9quipes et projets de cirque aupr\u00e8s de nos de nos adh\u00e9rents et plus g\u00e9n\u00e9ralement des diffuseurs pr\u00e9sents.<\/p>\n\n\n\n<p>Le jury s&#8217;est r\u00e9uni cet \u00e9t\u00e9 et la programmation de la journ\u00e9e sera d\u00e9voil\u00e9e le 18 septembre apr\u00e8s validation par le conseil d&#8217;administration. Une dizaine de projets artistiques en cours de production seront pr\u00e9sent\u00e9s ce jour l\u00e0.  <\/p>\n\n\n\n<p><\/p>\n","protected":false},"excerpt":{"rendered":"<p>Vues du CIEL, Journ\u00e9e de pr\u00e9sentation de projets Cette premi\u00e8re \u00e9dition se d\u00e9roulera le jeudi 3 octobre 2024 et sera accueillie par le PALC \u00e0 Ch\u00e2lons-en-Champagne. Cette journ\u00e9e permettra \u00e0 des compagnies circassiennes de d\u00e9voiler un projet de cr\u00e9ation aux diffuseurs du Grand Est mais pas seulement. Cette pr\u00e9sentation pourra prendre des formes diff\u00e9rentes&nbsp;: extraits [&hellip;]<\/p>\n","protected":false},"author":31,"featured_media":2562,"comment_status":"closed","ping_status":"closed","sticky":false,"template":"","format":"standard","meta":{"_uag_custom_page_level_css":"","footnotes":""},"categories":[14],"tags":[],"class_list":["post-2561","post","type-post","status-publish","format-standard","has-post-thumbnail","hentry","category-actualites"],"mb":[],"yoast_head":"<!-- This site is optimized with the Yoast SEO plugin v27.2 - https:\/\/yoast.com\/product\/yoast-seo-wordpress\/ -->\n<title>Diffuseurs, programmateurs : \u00e0 vos agendas ! - Grand CIEL<\/title>\n<meta name=\"robots\" content=\"index, follow, max-snippet:-1, max-image-preview:large, max-video-preview:-1\" \/>\n<link rel=\"canonical\" href=\"https:\/\/grand-ciel.com\/2024-08-28-diffuseurs-programmateurs-a-vos-agendas\/\" \/>\n<meta property=\"og:locale\" content=\"en_US\" \/>\n<meta property=\"og:type\" content=\"article\" \/>\n<meta property=\"og:title\" content=\"Diffuseurs, programmateurs : \u00e0 vos agendas ! - Grand CIEL\" \/>\n<meta property=\"og:description\" content=\"Vues du CIEL, Journ\u00e9e de pr\u00e9sentation de projets Cette premi\u00e8re \u00e9dition se d\u00e9roulera le jeudi 3 octobre 2024 et sera accueillie par le PALC \u00e0 Ch\u00e2lons-en-Champagne. Cette journ\u00e9e permettra \u00e0 des compagnies circassiennes de d\u00e9voiler un projet de cr\u00e9ation aux diffuseurs du Grand Est mais pas seulement. Cette pr\u00e9sentation pourra prendre des formes diff\u00e9rentes&nbsp;: extraits [&hellip;]\" \/>\n<meta property=\"og:url\" content=\"https:\/\/grand-ciel.com\/2024-08-28-diffuseurs-programmateurs-a-vos-agendas\/\" \/>\n<meta property=\"og:site_name\" content=\"Grand CIEL\" \/>\n<meta property=\"article:publisher\" content=\"https:\/\/www.facebook.com\/grandcielcirque\" \/>\n<meta property=\"article:published_time\" content=\"2024-08-28T20:34:36+00:00\" \/>\n<meta property=\"article:modified_time\" content=\"2024-09-15T13:19:56+00:00\" \/>\n<meta property=\"og:image\" content=\"https:\/\/grand-ciel.com\/wp-content\/uploads\/2024\/08\/STD-Vues-du-CIEL.png\" \/>\n\t<meta property=\"og:image:width\" content=\"2048\" \/>\n\t<meta property=\"og:image:height\" content=\"939\" \/>\n\t<meta property=\"og:image:type\" content=\"image\/png\" \/>\n<meta name=\"author\" content=\"Adeline Renard\" \/>\n<meta name=\"twitter:card\" content=\"summary_large_image\" \/>\n<meta name=\"twitter:label1\" content=\"Written by\" \/>\n\t<meta name=\"twitter:data1\" content=\"Adeline Renard\" \/>\n\t<meta name=\"twitter:label2\" content=\"Est. reading time\" \/>\n\t<meta name=\"twitter:data2\" content=\"1 minute\" \/>\n<script type=\"application\/ld+json\" class=\"yoast-schema-graph\">{\"@context\":\"https:\/\/schema.org\",\"@graph\":[{\"@type\":\"Article\",\"@id\":\"https:\/\/grand-ciel.com\/2024-08-28-diffuseurs-programmateurs-a-vos-agendas\/#article\",\"isPartOf\":{\"@id\":\"https:\/\/grand-ciel.com\/2024-08-28-diffuseurs-programmateurs-a-vos-agendas\/\"},\"author\":{\"name\":\"Adeline Renard\",\"@id\":\"https:\/\/grand-ciel.com\/#\/schema\/person\/f2743dc309e2e7417b986d5f6250a2e9\"},\"headline\":\"Diffuseurs, programmateurs : \u00e0 vos agendas !\",\"datePublished\":\"2024-08-28T20:34:36+00:00\",\"dateModified\":\"2024-09-15T13:19:56+00:00\",\"mainEntityOfPage\":{\"@id\":\"https:\/\/grand-ciel.com\/2024-08-28-diffuseurs-programmateurs-a-vos-agendas\/\"},\"wordCount\":169,\"publisher\":{\"@id\":\"https:\/\/grand-ciel.com\/#organization\"},\"image\":{\"@id\":\"https:\/\/grand-ciel.com\/2024-08-28-diffuseurs-programmateurs-a-vos-agendas\/#primaryimage\"},\"thumbnailUrl\":\"https:\/\/grand-ciel.com\/wp-content\/uploads\/2024\/08\/STD-Vues-du-CIEL.png\",\"articleSection\":[\"Actualit\u00e9s\"],\"inLanguage\":\"en-US\"},{\"@type\":\"WebPage\",\"@id\":\"https:\/\/grand-ciel.com\/2024-08-28-diffuseurs-programmateurs-a-vos-agendas\/\",\"url\":\"https:\/\/grand-ciel.com\/2024-08-28-diffuseurs-programmateurs-a-vos-agendas\/\",\"name\":\"Diffuseurs, programmateurs : \u00e0 vos agendas ! - Grand CIEL\",\"isPartOf\":{\"@id\":\"https:\/\/grand-ciel.com\/#website\"},\"primaryImageOfPage\":{\"@id\":\"https:\/\/grand-ciel.com\/2024-08-28-diffuseurs-programmateurs-a-vos-agendas\/#primaryimage\"},\"image\":{\"@id\":\"https:\/\/grand-ciel.com\/2024-08-28-diffuseurs-programmateurs-a-vos-agendas\/#primaryimage\"},\"thumbnailUrl\":\"https:\/\/grand-ciel.com\/wp-content\/uploads\/2024\/08\/STD-Vues-du-CIEL.png\",\"datePublished\":\"2024-08-28T20:34:36+00:00\",\"dateModified\":\"2024-09-15T13:19:56+00:00\",\"breadcrumb\":{\"@id\":\"https:\/\/grand-ciel.com\/2024-08-28-diffuseurs-programmateurs-a-vos-agendas\/#breadcrumb\"},\"inLanguage\":\"en-US\",\"potentialAction\":[{\"@type\":\"ReadAction\",\"target\":[\"https:\/\/grand-ciel.com\/2024-08-28-diffuseurs-programmateurs-a-vos-agendas\/\"]}]},{\"@type\":\"ImageObject\",\"inLanguage\":\"en-US\",\"@id\":\"https:\/\/grand-ciel.com\/2024-08-28-diffuseurs-programmateurs-a-vos-agendas\/#primaryimage\",\"url\":\"https:\/\/grand-ciel.com\/wp-content\/uploads\/2024\/08\/STD-Vues-du-CIEL.png\",\"contentUrl\":\"https:\/\/grand-ciel.com\/wp-content\/uploads\/2024\/08\/STD-Vues-du-CIEL.png\",\"width\":2048,\"height\":939},{\"@type\":\"BreadcrumbList\",\"@id\":\"https:\/\/grand-ciel.com\/2024-08-28-diffuseurs-programmateurs-a-vos-agendas\/#breadcrumb\",\"itemListElement\":[{\"@type\":\"ListItem\",\"position\":1,\"name\":\"Accueil\",\"item\":\"https:\/\/grand-ciel.com\/en\/home\/\"},{\"@type\":\"ListItem\",\"position\":2,\"name\":\"Diffuseurs, programmateurs : \u00e0 vos agendas !\"}]},{\"@type\":\"WebSite\",\"@id\":\"https:\/\/grand-ciel.com\/#website\",\"url\":\"https:\/\/grand-ciel.com\/\",\"name\":\"Grand CIEL\",\"description\":\"\",\"publisher\":{\"@id\":\"https:\/\/grand-ciel.com\/#organization\"},\"potentialAction\":[{\"@type\":\"SearchAction\",\"target\":{\"@type\":\"EntryPoint\",\"urlTemplate\":\"https:\/\/grand-ciel.com\/?s={search_term_string}\"},\"query-input\":{\"@type\":\"PropertyValueSpecification\",\"valueRequired\":true,\"valueName\":\"search_term_string\"}}],\"inLanguage\":\"en-US\"},{\"@type\":\"Organization\",\"@id\":\"https:\/\/grand-ciel.com\/#organization\",\"name\":\"Grand CIEL\",\"url\":\"https:\/\/grand-ciel.com\/\",\"logo\":{\"@type\":\"ImageObject\",\"inLanguage\":\"en-US\",\"@id\":\"https:\/\/grand-ciel.com\/#\/schema\/logo\/image\/\",\"url\":\"https:\/\/grand-ciel.com\/wp-content\/uploads\/2023\/05\/logo_Grand_Ciel_orange_fond_bleu_250.jpg\",\"contentUrl\":\"https:\/\/grand-ciel.com\/wp-content\/uploads\/2023\/05\/logo_Grand_Ciel_orange_fond_bleu_250.jpg\",\"width\":250,\"height\":148,\"caption\":\"Grand CIEL\"},\"image\":{\"@id\":\"https:\/\/grand-ciel.com\/#\/schema\/logo\/image\/\"},\"sameAs\":[\"https:\/\/www.facebook.com\/grandcielcirque\"]},{\"@type\":\"Person\",\"@id\":\"https:\/\/grand-ciel.com\/#\/schema\/person\/f2743dc309e2e7417b986d5f6250a2e9\",\"name\":\"Adeline Renard\"}]}<\/script>\n<!-- \/ Yoast SEO plugin. -->","yoast_head_json":{"title":"Diffuseurs, programmateurs : \u00e0 vos agendas ! - Grand CIEL","robots":{"index":"index","follow":"follow","max-snippet":"max-snippet:-1","max-image-preview":"max-image-preview:large","max-video-preview":"max-video-preview:-1"},"canonical":"https:\/\/grand-ciel.com\/2024-08-28-diffuseurs-programmateurs-a-vos-agendas\/","og_locale":"en_US","og_type":"article","og_title":"Diffuseurs, programmateurs : \u00e0 vos agendas ! - Grand CIEL","og_description":"Vues du CIEL, Journ\u00e9e de pr\u00e9sentation de projets Cette premi\u00e8re \u00e9dition se d\u00e9roulera le jeudi 3 octobre 2024 et sera accueillie par le PALC \u00e0 Ch\u00e2lons-en-Champagne. Cette journ\u00e9e permettra \u00e0 des compagnies circassiennes de d\u00e9voiler un projet de cr\u00e9ation aux diffuseurs du Grand Est mais pas seulement. Cette pr\u00e9sentation pourra prendre des formes diff\u00e9rentes&nbsp;: extraits [&hellip;]","og_url":"https:\/\/grand-ciel.com\/2024-08-28-diffuseurs-programmateurs-a-vos-agendas\/","og_site_name":"Grand CIEL","article_publisher":"https:\/\/www.facebook.com\/grandcielcirque","article_published_time":"2024-08-28T20:34:36+00:00","article_modified_time":"2024-09-15T13:19:56+00:00","og_image":[{"width":2048,"height":939,"url":"https:\/\/grand-ciel.com\/wp-content\/uploads\/2024\/08\/STD-Vues-du-CIEL.png","type":"image\/png"}],"author":"Adeline Renard","twitter_card":"summary_large_image","twitter_misc":{"Written by":"Adeline Renard","Est. reading time":"1 minute"},"schema":{"@context":"https:\/\/schema.org","@graph":[{"@type":"Article","@id":"https:\/\/grand-ciel.com\/2024-08-28-diffuseurs-programmateurs-a-vos-agendas\/#article","isPartOf":{"@id":"https:\/\/grand-ciel.com\/2024-08-28-diffuseurs-programmateurs-a-vos-agendas\/"},"author":{"name":"Adeline Renard","@id":"https:\/\/grand-ciel.com\/#\/schema\/person\/f2743dc309e2e7417b986d5f6250a2e9"},"headline":"Diffuseurs, programmateurs : \u00e0 vos agendas !","datePublished":"2024-08-28T20:34:36+00:00","dateModified":"2024-09-15T13:19:56+00:00","mainEntityOfPage":{"@id":"https:\/\/grand-ciel.com\/2024-08-28-diffuseurs-programmateurs-a-vos-agendas\/"},"wordCount":169,"publisher":{"@id":"https:\/\/grand-ciel.com\/#organization"},"image":{"@id":"https:\/\/grand-ciel.com\/2024-08-28-diffuseurs-programmateurs-a-vos-agendas\/#primaryimage"},"thumbnailUrl":"https:\/\/grand-ciel.com\/wp-content\/uploads\/2024\/08\/STD-Vues-du-CIEL.png","articleSection":["Actualit\u00e9s"],"inLanguage":"en-US"},{"@type":"WebPage","@id":"https:\/\/grand-ciel.com\/2024-08-28-diffuseurs-programmateurs-a-vos-agendas\/","url":"https:\/\/grand-ciel.com\/2024-08-28-diffuseurs-programmateurs-a-vos-agendas\/","name":"Diffuseurs, programmateurs : \u00e0 vos agendas ! - Grand CIEL","isPartOf":{"@id":"https:\/\/grand-ciel.com\/#website"},"primaryImageOfPage":{"@id":"https:\/\/grand-ciel.com\/2024-08-28-diffuseurs-programmateurs-a-vos-agendas\/#primaryimage"},"image":{"@id":"https:\/\/grand-ciel.com\/2024-08-28-diffuseurs-programmateurs-a-vos-agendas\/#primaryimage"},"thumbnailUrl":"https:\/\/grand-ciel.com\/wp-content\/uploads\/2024\/08\/STD-Vues-du-CIEL.png","datePublished":"2024-08-28T20:34:36+00:00","dateModified":"2024-09-15T13:19:56+00:00","breadcrumb":{"@id":"https:\/\/grand-ciel.com\/2024-08-28-diffuseurs-programmateurs-a-vos-agendas\/#breadcrumb"},"inLanguage":"en-US","potentialAction":[{"@type":"ReadAction","target":["https:\/\/grand-ciel.com\/2024-08-28-diffuseurs-programmateurs-a-vos-agendas\/"]}]},{"@type":"ImageObject","inLanguage":"en-US","@id":"https:\/\/grand-ciel.com\/2024-08-28-diffuseurs-programmateurs-a-vos-agendas\/#primaryimage","url":"https:\/\/grand-ciel.com\/wp-content\/uploads\/2024\/08\/STD-Vues-du-CIEL.png","contentUrl":"https:\/\/grand-ciel.com\/wp-content\/uploads\/2024\/08\/STD-Vues-du-CIEL.png","width":2048,"height":939},{"@type":"BreadcrumbList","@id":"https:\/\/grand-ciel.com\/2024-08-28-diffuseurs-programmateurs-a-vos-agendas\/#breadcrumb","itemListElement":[{"@type":"ListItem","position":1,"name":"Accueil","item":"https:\/\/grand-ciel.com\/en\/home\/"},{"@type":"ListItem","position":2,"name":"Diffuseurs, programmateurs : \u00e0 vos agendas !"}]},{"@type":"WebSite","@id":"https:\/\/grand-ciel.com\/#website","url":"https:\/\/grand-ciel.com\/","name":"Grand CIEL","description":"","publisher":{"@id":"https:\/\/grand-ciel.com\/#organization"},"potentialAction":[{"@type":"SearchAction","target":{"@type":"EntryPoint","urlTemplate":"https:\/\/grand-ciel.com\/?s={search_term_string}"},"query-input":{"@type":"PropertyValueSpecification","valueRequired":true,"valueName":"search_term_string"}}],"inLanguage":"en-US"},{"@type":"Organization","@id":"https:\/\/grand-ciel.com\/#organization","name":"Grand CIEL","url":"https:\/\/grand-ciel.com\/","logo":{"@type":"ImageObject","inLanguage":"en-US","@id":"https:\/\/grand-ciel.com\/#\/schema\/logo\/image\/","url":"https:\/\/grand-ciel.com\/wp-content\/uploads\/2023\/05\/logo_Grand_Ciel_orange_fond_bleu_250.jpg","contentUrl":"https:\/\/grand-ciel.com\/wp-content\/uploads\/2023\/05\/logo_Grand_Ciel_orange_fond_bleu_250.jpg","width":250,"height":148,"caption":"Grand CIEL"},"image":{"@id":"https:\/\/grand-ciel.com\/#\/schema\/logo\/image\/"},"sameAs":["https:\/\/www.facebook.com\/grandcielcirque"]},{"@type":"Person","@id":"https:\/\/grand-ciel.com\/#\/schema\/person\/f2743dc309e2e7417b986d5f6250a2e9","name":"Adeline Renard"}]}},"uagb_featured_image_src":{"full":["https:\/\/grand-ciel.com\/wp-content\/uploads\/2024\/08\/STD-Vues-du-CIEL.png",2048,939,false],"thumbnail":["https:\/\/grand-ciel.com\/wp-content\/uploads\/2024\/08\/STD-Vues-du-CIEL-150x150.png",150,150,true],"medium":["https:\/\/grand-ciel.com\/wp-content\/uploads\/2024\/08\/STD-Vues-du-CIEL-480x220.png",480,220,true],"medium_large":["https:\/\/grand-ciel.com\/wp-content\/uploads\/2024\/08\/STD-Vues-du-CIEL-768x352.png",768,352,true],"large":["https:\/\/grand-ciel.com\/wp-content\/uploads\/2024\/08\/STD-Vues-du-CIEL-990x454.png",990,454,true],"gs-tiny":["https:\/\/grand-ciel.com\/wp-content\/uploads\/2024\/08\/STD-Vues-du-CIEL-50x23.png",50,23,true],"xl":["https:\/\/grand-ciel.com\/wp-content\/uploads\/2024\/08\/STD-Vues-du-CIEL-1600x734.png",1600,734,true],"xxl":["https:\/\/grand-ciel.com\/wp-content\/uploads\/2024\/08\/STD-Vues-du-CIEL.png",2048,939,false],"xxxl":["https:\/\/grand-ciel.com\/wp-content\/uploads\/2024\/08\/STD-Vues-du-CIEL.png",2048,939,false],"xxxxl":["https:\/\/grand-ciel.com\/wp-content\/uploads\/2024\/08\/STD-Vues-du-CIEL.png",2048,939,false],"xxxxxl":["https:\/\/grand-ciel.com\/wp-content\/uploads\/2024\/08\/STD-Vues-du-CIEL.png",2048,939,false],"1536x1536":["https:\/\/grand-ciel.com\/wp-content\/uploads\/2024\/08\/STD-Vues-du-CIEL-1536x704.png",1536,704,true],"2048x2048":["https:\/\/grand-ciel.com\/wp-content\/uploads\/2024\/08\/STD-Vues-du-CIEL.png",2048,939,false]},"uagb_author_info":{"display_name":"Adeline Renard","author_link":"https:\/\/grand-ciel.com\/en\/author\/adelinetestgc\/"},"uagb_comment_info":0,"uagb_excerpt":"Vues du CIEL, Journ\u00e9e de pr\u00e9sentation de projets Cette premi\u00e8re \u00e9dition se d\u00e9roulera le jeudi 3 octobre 2024 et sera accueillie par le PALC \u00e0 Ch\u00e2lons-en-Champagne. Cette journ\u00e9e permettra \u00e0 des compagnies circassiennes de d\u00e9voiler un projet de cr\u00e9ation aux diffuseurs du Grand Est mais pas seulement. Cette pr\u00e9sentation pourra prendre des formes diff\u00e9rentes&nbsp;: extraits&hellip;","mfb_rest_fields":["title","yoast_head","yoast_head_json","uagb_featured_image_src","uagb_author_info","uagb_comment_info","uagb_excerpt"],"_links":{"self":[{"href":"https:\/\/grand-ciel.com\/en\/wp-json\/wp\/v2\/posts\/2561","targetHints":{"allow":["GET"]}}],"collection":[{"href":"https:\/\/grand-ciel.com\/en\/wp-json\/wp\/v2\/posts"}],"about":[{"href":"https:\/\/grand-ciel.com\/en\/wp-json\/wp\/v2\/types\/post"}],"author":[{"embeddable":true,"href":"https:\/\/grand-ciel.com\/en\/wp-json\/wp\/v2\/users\/31"}],"replies":[{"embeddable":true,"href":"https:\/\/grand-ciel.com\/en\/wp-json\/wp\/v2\/comments?post=2561"}],"version-history":[{"count":3,"href":"https:\/\/grand-ciel.com\/en\/wp-json\/wp\/v2\/posts\/2561\/revisions"}],"predecessor-version":[{"id":2589,"href":"https:\/\/grand-ciel.com\/en\/wp-json\/wp\/v2\/posts\/2561\/revisions\/2589"}],"wp:featuredmedia":[{"embeddable":true,"href":"https:\/\/grand-ciel.com\/en\/wp-json\/wp\/v2\/media\/2562"}],"wp:attachment":[{"href":"https:\/\/grand-ciel.com\/en\/wp-json\/wp\/v2\/media?parent=2561"}],"wp:term":[{"taxonomy":"category","embeddable":true,"href":"https:\/\/grand-ciel.com\/en\/wp-json\/wp\/v2\/categories?post=2561"},{"taxonomy":"post_tag","embeddable":true,"href":"https:\/\/grand-ciel.com\/en\/wp-json\/wp\/v2\/tags?post=2561"}],"curies":[{"name":"wp","href":"https:\/\/api.w.org\/{rel}","templated":true}]}}