{"id":2336,"date":"2024-05-28T15:15:49","date_gmt":"2024-05-28T13:15:49","guid":{"rendered":"https:\/\/grand-ciel.com\/?p=2336"},"modified":"2024-06-18T16:25:53","modified_gmt":"2024-06-18T14:25:53","slug":"vuesduciel2024","status":"publish","type":"post","link":"https:\/\/grand-ciel.com\/en\/2024-05-28-vuesduciel2024\/","title":{"rendered":"Appel \u00e0 candidature"},"content":{"rendered":"\n<p class=\"has-primary-color has-text-color\"><strong>Nouveau dispositif Grand CIEL &#8211; Vues du CIEL, Journ\u00e9e de pr\u00e9sentation de projets<\/strong><\/p>\n\n\n\n<p>Cette journ\u00e9e permettra \u00e0 des compagnies circassiennes de d\u00e9voiler un projet de cr\u00e9ation aux diffuseurs du Grand Est mais pas seulement. Cette pr\u00e9sentation pourra prendre des formes diff\u00e9rentes&nbsp;: extraits au plateau\/piste, pr\u00e9sentation de maquette,\u2026<\/p>\n\n\n\n<p>Elle permettra aux \u00e9quipes artistiques de rencontrer les acteurs de la fili\u00e8re cirque et les programmateurs de la r\u00e9gion. Et \u00e0 l&#8217;inverse de favoriser la connaissance des \u00e9quipes et projets de cirque aupr\u00e8s de nos de nos adh\u00e9rents et plus g\u00e9n\u00e9ralement des diffuseurs pr\u00e9sents.<\/p>\n\n\n\n<p>Cette premi\u00e8re \u00e9dition se d\u00e9roulera le jeudi 3 octobre 2024 et sera accueillie par le PALC \u00e0 Ch\u00e2lons-en-Champagne<\/p>\n\n\n\n<p><br><br><br>retrouvez la notice compl\u00e8te <br><a href=\"https:\/\/bit.ly\/NoticeVuesDuCIEL\">https:\/\/bit.ly\/NoticeVuesDuCIEL<\/a><br>et le formulaire de r\u00e9ponse <br><a href=\"https:\/\/bit.ly\/VuesDuCIEL_C24\">https:\/\/bit.ly\/VuesDuCIEL_C24<\/a><\/p>\n\n\n\n<p style=\"font-size:0.6rem\">\u00a9Vasil Tasevski Collectif Porte27 &#8211; Villes endormies (soutien Grand CIEL 2023)<\/p>\n\n\n\n<p><br><\/p>\n","protected":false},"excerpt":{"rendered":"<p>Nouveau dispositif Grand CIEL &#8211; Vues du CIEL, Journ\u00e9e de pr\u00e9sentation de projets Cette journ\u00e9e permettra \u00e0 des compagnies circassiennes de d\u00e9voiler un projet de cr\u00e9ation aux diffuseurs du Grand Est mais pas seulement. Cette pr\u00e9sentation pourra prendre des formes diff\u00e9rentes&nbsp;: extraits au plateau\/piste, pr\u00e9sentation de maquette,\u2026 Elle permettra aux \u00e9quipes artistiques de rencontrer les [&hellip;]<\/p>\n","protected":false},"author":31,"featured_media":2345,"comment_status":"closed","ping_status":"closed","sticky":false,"template":"","format":"standard","meta":{"_uag_custom_page_level_css":"","footnotes":""},"categories":[14],"tags":[],"class_list":["post-2336","post","type-post","status-publish","format-standard","has-post-thumbnail","hentry","category-actualites"],"mb":[],"yoast_head":"<!-- This site is optimized with the Yoast SEO plugin v27.2 - https:\/\/yoast.com\/product\/yoast-seo-wordpress\/ -->\n<title>Appel \u00e0 candidature - Grand CIEL<\/title>\n<meta name=\"description\" content=\"Nouveau dispositif Grand CIEL - Vues du CIEL, Journ\u00e9e de pr\u00e9sentation de projets cirque, candidatures ouvertes jusqu&#039;au 10 juillet 2024.\" \/>\n<meta name=\"robots\" content=\"index, follow, max-snippet:-1, max-image-preview:large, max-video-preview:-1\" \/>\n<link rel=\"canonical\" href=\"https:\/\/grand-ciel.com\/2024-05-28-vuesduciel2024\/\" \/>\n<meta property=\"og:locale\" content=\"en_US\" \/>\n<meta property=\"og:type\" content=\"article\" \/>\n<meta property=\"og:title\" content=\"Appel \u00e0 candidature - Grand CIEL\" \/>\n<meta property=\"og:description\" content=\"Nouveau dispositif Grand CIEL - Vues du CIEL, Journ\u00e9e de pr\u00e9sentation de projets cirque, candidatures ouvertes jusqu&#039;au 10 juillet 2024.\" \/>\n<meta property=\"og:url\" content=\"https:\/\/grand-ciel.com\/2024-05-28-vuesduciel2024\/\" \/>\n<meta property=\"og:site_name\" content=\"Grand CIEL\" \/>\n<meta property=\"article:publisher\" content=\"https:\/\/www.facebook.com\/grandcielcirque\" \/>\n<meta property=\"article:published_time\" content=\"2024-05-28T13:15:49+00:00\" \/>\n<meta property=\"article:modified_time\" content=\"2024-06-18T14:25:53+00:00\" \/>\n<meta property=\"og:image\" content=\"https:\/\/grand-ciel.com\/wp-content\/uploads\/2024\/05\/header-vuesduciel.jpg\" \/>\n\t<meta property=\"og:image:width\" content=\"960\" \/>\n\t<meta property=\"og:image:height\" content=\"460\" \/>\n\t<meta property=\"og:image:type\" content=\"image\/jpeg\" \/>\n<meta name=\"author\" content=\"Adeline Renard\" \/>\n<meta name=\"twitter:card\" content=\"summary_large_image\" \/>\n<meta name=\"twitter:label1\" content=\"Written by\" \/>\n\t<meta name=\"twitter:data1\" content=\"Adeline Renard\" \/>\n\t<meta name=\"twitter:label2\" content=\"Est. reading time\" \/>\n\t<meta name=\"twitter:data2\" content=\"1 minute\" \/>\n<script type=\"application\/ld+json\" class=\"yoast-schema-graph\">{\"@context\":\"https:\/\/schema.org\",\"@graph\":[{\"@type\":\"Article\",\"@id\":\"https:\/\/grand-ciel.com\/2024-05-28-vuesduciel2024\/#article\",\"isPartOf\":{\"@id\":\"https:\/\/grand-ciel.com\/2024-05-28-vuesduciel2024\/\"},\"author\":{\"name\":\"Adeline Renard\",\"@id\":\"https:\/\/grand-ciel.com\/#\/schema\/person\/f2743dc309e2e7417b986d5f6250a2e9\"},\"headline\":\"Appel \u00e0 candidature\",\"datePublished\":\"2024-05-28T13:15:49+00:00\",\"dateModified\":\"2024-06-18T14:25:53+00:00\",\"mainEntityOfPage\":{\"@id\":\"https:\/\/grand-ciel.com\/2024-05-28-vuesduciel2024\/\"},\"wordCount\":157,\"publisher\":{\"@id\":\"https:\/\/grand-ciel.com\/#organization\"},\"image\":{\"@id\":\"https:\/\/grand-ciel.com\/2024-05-28-vuesduciel2024\/#primaryimage\"},\"thumbnailUrl\":\"https:\/\/grand-ciel.com\/wp-content\/uploads\/2024\/05\/header-vuesduciel.jpg\",\"articleSection\":[\"Actualit\u00e9s\"],\"inLanguage\":\"en-US\"},{\"@type\":\"WebPage\",\"@id\":\"https:\/\/grand-ciel.com\/2024-05-28-vuesduciel2024\/\",\"url\":\"https:\/\/grand-ciel.com\/2024-05-28-vuesduciel2024\/\",\"name\":\"Appel \u00e0 candidature - Grand CIEL\",\"isPartOf\":{\"@id\":\"https:\/\/grand-ciel.com\/#website\"},\"primaryImageOfPage\":{\"@id\":\"https:\/\/grand-ciel.com\/2024-05-28-vuesduciel2024\/#primaryimage\"},\"image\":{\"@id\":\"https:\/\/grand-ciel.com\/2024-05-28-vuesduciel2024\/#primaryimage\"},\"thumbnailUrl\":\"https:\/\/grand-ciel.com\/wp-content\/uploads\/2024\/05\/header-vuesduciel.jpg\",\"datePublished\":\"2024-05-28T13:15:49+00:00\",\"dateModified\":\"2024-06-18T14:25:53+00:00\",\"description\":\"Nouveau dispositif Grand CIEL - Vues du CIEL, Journ\u00e9e de pr\u00e9sentation de projets cirque, candidatures ouvertes jusqu'au 10 juillet 2024.\",\"breadcrumb\":{\"@id\":\"https:\/\/grand-ciel.com\/2024-05-28-vuesduciel2024\/#breadcrumb\"},\"inLanguage\":\"en-US\",\"potentialAction\":[{\"@type\":\"ReadAction\",\"target\":[\"https:\/\/grand-ciel.com\/2024-05-28-vuesduciel2024\/\"]}]},{\"@type\":\"ImageObject\",\"inLanguage\":\"en-US\",\"@id\":\"https:\/\/grand-ciel.com\/2024-05-28-vuesduciel2024\/#primaryimage\",\"url\":\"https:\/\/grand-ciel.com\/wp-content\/uploads\/2024\/05\/header-vuesduciel.jpg\",\"contentUrl\":\"https:\/\/grand-ciel.com\/wp-content\/uploads\/2024\/05\/header-vuesduciel.jpg\",\"width\":960,\"height\":460},{\"@type\":\"BreadcrumbList\",\"@id\":\"https:\/\/grand-ciel.com\/2024-05-28-vuesduciel2024\/#breadcrumb\",\"itemListElement\":[{\"@type\":\"ListItem\",\"position\":1,\"name\":\"Accueil\",\"item\":\"https:\/\/grand-ciel.com\/en\/home\/\"},{\"@type\":\"ListItem\",\"position\":2,\"name\":\"Appel \u00e0 candidature\"}]},{\"@type\":\"WebSite\",\"@id\":\"https:\/\/grand-ciel.com\/#website\",\"url\":\"https:\/\/grand-ciel.com\/\",\"name\":\"Grand CIEL\",\"description\":\"\",\"publisher\":{\"@id\":\"https:\/\/grand-ciel.com\/#organization\"},\"potentialAction\":[{\"@type\":\"SearchAction\",\"target\":{\"@type\":\"EntryPoint\",\"urlTemplate\":\"https:\/\/grand-ciel.com\/?s={search_term_string}\"},\"query-input\":{\"@type\":\"PropertyValueSpecification\",\"valueRequired\":true,\"valueName\":\"search_term_string\"}}],\"inLanguage\":\"en-US\"},{\"@type\":\"Organization\",\"@id\":\"https:\/\/grand-ciel.com\/#organization\",\"name\":\"Grand CIEL\",\"url\":\"https:\/\/grand-ciel.com\/\",\"logo\":{\"@type\":\"ImageObject\",\"inLanguage\":\"en-US\",\"@id\":\"https:\/\/grand-ciel.com\/#\/schema\/logo\/image\/\",\"url\":\"https:\/\/grand-ciel.com\/wp-content\/uploads\/2023\/05\/logo_Grand_Ciel_orange_fond_bleu_250.jpg\",\"contentUrl\":\"https:\/\/grand-ciel.com\/wp-content\/uploads\/2023\/05\/logo_Grand_Ciel_orange_fond_bleu_250.jpg\",\"width\":250,\"height\":148,\"caption\":\"Grand CIEL\"},\"image\":{\"@id\":\"https:\/\/grand-ciel.com\/#\/schema\/logo\/image\/\"},\"sameAs\":[\"https:\/\/www.facebook.com\/grandcielcirque\"]},{\"@type\":\"Person\",\"@id\":\"https:\/\/grand-ciel.com\/#\/schema\/person\/f2743dc309e2e7417b986d5f6250a2e9\",\"name\":\"Adeline Renard\"}]}<\/script>\n<!-- \/ Yoast SEO plugin. -->","yoast_head_json":{"title":"Appel \u00e0 candidature - Grand CIEL","description":"Nouveau dispositif Grand CIEL - Vues du CIEL, Journ\u00e9e de pr\u00e9sentation de projets cirque, candidatures ouvertes jusqu'au 10 juillet 2024.","robots":{"index":"index","follow":"follow","max-snippet":"max-snippet:-1","max-image-preview":"max-image-preview:large","max-video-preview":"max-video-preview:-1"},"canonical":"https:\/\/grand-ciel.com\/2024-05-28-vuesduciel2024\/","og_locale":"en_US","og_type":"article","og_title":"Appel \u00e0 candidature - Grand CIEL","og_description":"Nouveau dispositif Grand CIEL - Vues du CIEL, Journ\u00e9e de pr\u00e9sentation de projets cirque, candidatures ouvertes jusqu'au 10 juillet 2024.","og_url":"https:\/\/grand-ciel.com\/2024-05-28-vuesduciel2024\/","og_site_name":"Grand CIEL","article_publisher":"https:\/\/www.facebook.com\/grandcielcirque","article_published_time":"2024-05-28T13:15:49+00:00","article_modified_time":"2024-06-18T14:25:53+00:00","og_image":[{"width":960,"height":460,"url":"https:\/\/grand-ciel.com\/wp-content\/uploads\/2024\/05\/header-vuesduciel.jpg","type":"image\/jpeg"}],"author":"Adeline Renard","twitter_card":"summary_large_image","twitter_misc":{"Written by":"Adeline Renard","Est. reading time":"1 minute"},"schema":{"@context":"https:\/\/schema.org","@graph":[{"@type":"Article","@id":"https:\/\/grand-ciel.com\/2024-05-28-vuesduciel2024\/#article","isPartOf":{"@id":"https:\/\/grand-ciel.com\/2024-05-28-vuesduciel2024\/"},"author":{"name":"Adeline Renard","@id":"https:\/\/grand-ciel.com\/#\/schema\/person\/f2743dc309e2e7417b986d5f6250a2e9"},"headline":"Appel \u00e0 candidature","datePublished":"2024-05-28T13:15:49+00:00","dateModified":"2024-06-18T14:25:53+00:00","mainEntityOfPage":{"@id":"https:\/\/grand-ciel.com\/2024-05-28-vuesduciel2024\/"},"wordCount":157,"publisher":{"@id":"https:\/\/grand-ciel.com\/#organization"},"image":{"@id":"https:\/\/grand-ciel.com\/2024-05-28-vuesduciel2024\/#primaryimage"},"thumbnailUrl":"https:\/\/grand-ciel.com\/wp-content\/uploads\/2024\/05\/header-vuesduciel.jpg","articleSection":["Actualit\u00e9s"],"inLanguage":"en-US"},{"@type":"WebPage","@id":"https:\/\/grand-ciel.com\/2024-05-28-vuesduciel2024\/","url":"https:\/\/grand-ciel.com\/2024-05-28-vuesduciel2024\/","name":"Appel \u00e0 candidature - Grand CIEL","isPartOf":{"@id":"https:\/\/grand-ciel.com\/#website"},"primaryImageOfPage":{"@id":"https:\/\/grand-ciel.com\/2024-05-28-vuesduciel2024\/#primaryimage"},"image":{"@id":"https:\/\/grand-ciel.com\/2024-05-28-vuesduciel2024\/#primaryimage"},"thumbnailUrl":"https:\/\/grand-ciel.com\/wp-content\/uploads\/2024\/05\/header-vuesduciel.jpg","datePublished":"2024-05-28T13:15:49+00:00","dateModified":"2024-06-18T14:25:53+00:00","description":"Nouveau dispositif Grand CIEL - Vues du CIEL, Journ\u00e9e de pr\u00e9sentation de projets cirque, candidatures ouvertes jusqu'au 10 juillet 2024.","breadcrumb":{"@id":"https:\/\/grand-ciel.com\/2024-05-28-vuesduciel2024\/#breadcrumb"},"inLanguage":"en-US","potentialAction":[{"@type":"ReadAction","target":["https:\/\/grand-ciel.com\/2024-05-28-vuesduciel2024\/"]}]},{"@type":"ImageObject","inLanguage":"en-US","@id":"https:\/\/grand-ciel.com\/2024-05-28-vuesduciel2024\/#primaryimage","url":"https:\/\/grand-ciel.com\/wp-content\/uploads\/2024\/05\/header-vuesduciel.jpg","contentUrl":"https:\/\/grand-ciel.com\/wp-content\/uploads\/2024\/05\/header-vuesduciel.jpg","width":960,"height":460},{"@type":"BreadcrumbList","@id":"https:\/\/grand-ciel.com\/2024-05-28-vuesduciel2024\/#breadcrumb","itemListElement":[{"@type":"ListItem","position":1,"name":"Accueil","item":"https:\/\/grand-ciel.com\/en\/home\/"},{"@type":"ListItem","position":2,"name":"Appel \u00e0 candidature"}]},{"@type":"WebSite","@id":"https:\/\/grand-ciel.com\/#website","url":"https:\/\/grand-ciel.com\/","name":"Grand CIEL","description":"","publisher":{"@id":"https:\/\/grand-ciel.com\/#organization"},"potentialAction":[{"@type":"SearchAction","target":{"@type":"EntryPoint","urlTemplate":"https:\/\/grand-ciel.com\/?s={search_term_string}"},"query-input":{"@type":"PropertyValueSpecification","valueRequired":true,"valueName":"search_term_string"}}],"inLanguage":"en-US"},{"@type":"Organization","@id":"https:\/\/grand-ciel.com\/#organization","name":"Grand CIEL","url":"https:\/\/grand-ciel.com\/","logo":{"@type":"ImageObject","inLanguage":"en-US","@id":"https:\/\/grand-ciel.com\/#\/schema\/logo\/image\/","url":"https:\/\/grand-ciel.com\/wp-content\/uploads\/2023\/05\/logo_Grand_Ciel_orange_fond_bleu_250.jpg","contentUrl":"https:\/\/grand-ciel.com\/wp-content\/uploads\/2023\/05\/logo_Grand_Ciel_orange_fond_bleu_250.jpg","width":250,"height":148,"caption":"Grand CIEL"},"image":{"@id":"https:\/\/grand-ciel.com\/#\/schema\/logo\/image\/"},"sameAs":["https:\/\/www.facebook.com\/grandcielcirque"]},{"@type":"Person","@id":"https:\/\/grand-ciel.com\/#\/schema\/person\/f2743dc309e2e7417b986d5f6250a2e9","name":"Adeline Renard"}]}},"uagb_featured_image_src":{"full":["https:\/\/grand-ciel.com\/wp-content\/uploads\/2024\/05\/header-vuesduciel.jpg",960,460,false],"thumbnail":["https:\/\/grand-ciel.com\/wp-content\/uploads\/2024\/05\/header-vuesduciel-150x150.jpg",150,150,true],"medium":["https:\/\/grand-ciel.com\/wp-content\/uploads\/2024\/05\/header-vuesduciel-480x230.jpg",480,230,true],"medium_large":["https:\/\/grand-ciel.com\/wp-content\/uploads\/2024\/05\/header-vuesduciel-768x368.jpg",768,368,true],"large":["https:\/\/grand-ciel.com\/wp-content\/uploads\/2024\/05\/header-vuesduciel.jpg",960,460,false],"gs-tiny":["https:\/\/grand-ciel.com\/wp-content\/uploads\/2024\/05\/header-vuesduciel-50x24.jpg",50,24,true],"xl":["https:\/\/grand-ciel.com\/wp-content\/uploads\/2024\/05\/header-vuesduciel.jpg",960,460,false],"xxl":["https:\/\/grand-ciel.com\/wp-content\/uploads\/2024\/05\/header-vuesduciel.jpg",960,460,false],"xxxl":["https:\/\/grand-ciel.com\/wp-content\/uploads\/2024\/05\/header-vuesduciel.jpg",960,460,false],"xxxxl":["https:\/\/grand-ciel.com\/wp-content\/uploads\/2024\/05\/header-vuesduciel.jpg",960,460,false],"xxxxxl":["https:\/\/grand-ciel.com\/wp-content\/uploads\/2024\/05\/header-vuesduciel.jpg",960,460,false],"1536x1536":["https:\/\/grand-ciel.com\/wp-content\/uploads\/2024\/05\/header-vuesduciel.jpg",960,460,false],"2048x2048":["https:\/\/grand-ciel.com\/wp-content\/uploads\/2024\/05\/header-vuesduciel.jpg",960,460,false]},"uagb_author_info":{"display_name":"Adeline Renard","author_link":"https:\/\/grand-ciel.com\/en\/author\/adelinetestgc\/"},"uagb_comment_info":0,"uagb_excerpt":"Nouveau dispositif Grand CIEL &#8211; Vues du CIEL, Journ\u00e9e de pr\u00e9sentation de projets Cette journ\u00e9e permettra \u00e0 des compagnies circassiennes de d\u00e9voiler un projet de cr\u00e9ation aux diffuseurs du Grand Est mais pas seulement. Cette pr\u00e9sentation pourra prendre des formes diff\u00e9rentes&nbsp;: extraits au plateau\/piste, pr\u00e9sentation de maquette,\u2026 Elle permettra aux \u00e9quipes artistiques de rencontrer les&hellip;","mfb_rest_fields":["title","yoast_head","yoast_head_json","uagb_featured_image_src","uagb_author_info","uagb_comment_info","uagb_excerpt"],"_links":{"self":[{"href":"https:\/\/grand-ciel.com\/en\/wp-json\/wp\/v2\/posts\/2336","targetHints":{"allow":["GET"]}}],"collection":[{"href":"https:\/\/grand-ciel.com\/en\/wp-json\/wp\/v2\/posts"}],"about":[{"href":"https:\/\/grand-ciel.com\/en\/wp-json\/wp\/v2\/types\/post"}],"author":[{"embeddable":true,"href":"https:\/\/grand-ciel.com\/en\/wp-json\/wp\/v2\/users\/31"}],"replies":[{"embeddable":true,"href":"https:\/\/grand-ciel.com\/en\/wp-json\/wp\/v2\/comments?post=2336"}],"version-history":[{"count":2,"href":"https:\/\/grand-ciel.com\/en\/wp-json\/wp\/v2\/posts\/2336\/revisions"}],"predecessor-version":[{"id":2407,"href":"https:\/\/grand-ciel.com\/en\/wp-json\/wp\/v2\/posts\/2336\/revisions\/2407"}],"wp:featuredmedia":[{"embeddable":true,"href":"https:\/\/grand-ciel.com\/en\/wp-json\/wp\/v2\/media\/2345"}],"wp:attachment":[{"href":"https:\/\/grand-ciel.com\/en\/wp-json\/wp\/v2\/media?parent=2336"}],"wp:term":[{"taxonomy":"category","embeddable":true,"href":"https:\/\/grand-ciel.com\/en\/wp-json\/wp\/v2\/categories?post=2336"},{"taxonomy":"post_tag","embeddable":true,"href":"https:\/\/grand-ciel.com\/en\/wp-json\/wp\/v2\/tags?post=2336"}],"curies":[{"name":"wp","href":"https:\/\/api.w.org\/{rel}","templated":true}]}}