{"id":2246,"date":"2023-11-02T09:47:34","date_gmt":"2023-11-02T08:47:34","guid":{"rendered":"https:\/\/grand-ciel.com\/?p=2246"},"modified":"2023-11-02T09:47:35","modified_gmt":"2023-11-02T08:47:35","slug":"journee-dechanges-assemblee-generale-2023-copie","status":"publish","type":"post","link":"https:\/\/grand-ciel.com\/en\/2023-11-02-journee-dechanges-assemblee-generale-2023-copie\/","title":{"rendered":"REUNION PLENIERE A NANCY"},"content":{"rendered":"\n<p class=\"has-primary-color has-text-color\"><strong>Vendredi 13 octobre 2023, les adh\u00e9rents du r\u00e9seau se sont r\u00e9unis en pl\u00e9ni\u00e8re \u00e0 Nancy. <\/strong><\/p>\n\n\n\n<p>L\u2019objectif de cette pl\u00e9ni\u00e8re \u00e9tait d\u2019arr\u00eater des dispositifs et des actions permettant de r\u00e9pondre aux axes identifi\u00e9s comme prioritaires et aux probl\u00e9matiques soulev\u00e9es collectivement lors de la journ\u00e9e d\u2019\u00e9changes et l\u2019Assembl\u00e9e g\u00e9n\u00e9rale du mois de mai, mais aussi \u00e0 l\u2019occasion des diff\u00e9rents groupes de travail qui se sont tenus entre juin et octobre.<\/p>\n\n\n\n<p>Au programme pour les ann\u00e9es \u00e0 venir : nouveaux enjeux, nouvelles orientations, nouveaux projets !<\/p>\n\n\n\n<p>Merci encore \u00e0 tous.tes les participant.es qui ont enrichi, par leurs retours, la mise en commun des propositions des diff\u00e9rents groupes de travail.<\/p>\n\n\n\n<p>Les propositions qui ont obtenu l&#8217;approbation des pr\u00e9sent.es lors de la r\u00e9union pl\u00e9ni\u00e8re seront pr\u00e9sent\u00e9es au Conseil d&#8217;Administration en vue d&#8217;un examen approfondi (certains \u00e9l\u00e9ments restants \u00e0 d\u00e9finir ou \u00e0 pr\u00e9ciser) et d&#8217;une validation d\u00e9finitive.<\/p>\n\n\n\n<p>Merci au<a href=\"https:\/\/www.facebook.com\/lememo.fabrique?__cft__[0]=AZV_-5YeXesgD9IsKtpRl_4hKj1fM2U2wsInMEikhlmdJWzq9yzMeXty_AQM58tKCesf6kmKnRCJv-tG8y1aCkSoD2_vMctuNEHZ_9aEmPDeOcJep5GncHQcMVp-mGMwucFnznSDje48x5v86RRi6_jh&amp;__tn__=-]K-R\"> MEM\u00d4 lieu de fabrique artistique<\/a> et \u00e0 <a href=\"https:\/\/www.facebook.com\/ScenesTerritoires?__cft__[0]=AZV_-5YeXesgD9IsKtpRl_4hKj1fM2U2wsInMEikhlmdJWzq9yzMeXty_AQM58tKCesf6kmKnRCJv-tG8y1aCkSoD2_vMctuNEHZ_9aEmPDeOcJep5GncHQcMVp-mGMwucFnznSDje48x5v86RRi6_jh&amp;__tn__=-]K-R\">Sc\u00e8nes et Territoires<\/a> pour leur accueil !<\/p>\n","protected":false},"excerpt":{"rendered":"<p>Vendredi 13 octobre 2023, les adh\u00e9rents du r\u00e9seau se sont r\u00e9unis en pl\u00e9ni\u00e8re \u00e0 Nancy. L\u2019objectif de cette pl\u00e9ni\u00e8re \u00e9tait d\u2019arr\u00eater des dispositifs et des actions permettant de r\u00e9pondre aux axes identifi\u00e9s comme prioritaires et aux probl\u00e9matiques soulev\u00e9es collectivement lors de la journ\u00e9e d\u2019\u00e9changes et l\u2019Assembl\u00e9e g\u00e9n\u00e9rale du mois de mai, mais aussi \u00e0 l\u2019occasion [&hellip;]<\/p>\n","protected":false},"author":31,"featured_media":2247,"comment_status":"closed","ping_status":"closed","sticky":false,"template":"","format":"standard","meta":{"_uag_custom_page_level_css":"","footnotes":""},"categories":[14],"tags":[],"class_list":["post-2246","post","type-post","status-publish","format-standard","has-post-thumbnail","hentry","category-actualites"],"mb":[],"yoast_head":"<!-- This site is optimized with the Yoast SEO plugin v27.2 - https:\/\/yoast.com\/product\/yoast-seo-wordpress\/ -->\n<title>REUNION PLENIERE A NANCY - Grand CIEL<\/title>\n<meta name=\"robots\" content=\"index, follow, max-snippet:-1, max-image-preview:large, max-video-preview:-1\" \/>\n<link rel=\"canonical\" href=\"https:\/\/grand-ciel.com\/2023-11-02-journee-dechanges-assemblee-generale-2023-copie\/\" \/>\n<meta property=\"og:locale\" content=\"en_US\" \/>\n<meta property=\"og:type\" content=\"article\" \/>\n<meta property=\"og:title\" content=\"REUNION PLENIERE A NANCY - Grand CIEL\" \/>\n<meta property=\"og:description\" content=\"Vendredi 13 octobre 2023, les adh\u00e9rents du r\u00e9seau se sont r\u00e9unis en pl\u00e9ni\u00e8re \u00e0 Nancy. L\u2019objectif de cette pl\u00e9ni\u00e8re \u00e9tait d\u2019arr\u00eater des dispositifs et des actions permettant de r\u00e9pondre aux axes identifi\u00e9s comme prioritaires et aux probl\u00e9matiques soulev\u00e9es collectivement lors de la journ\u00e9e d\u2019\u00e9changes et l\u2019Assembl\u00e9e g\u00e9n\u00e9rale du mois de mai, mais aussi \u00e0 l\u2019occasion [&hellip;]\" \/>\n<meta property=\"og:url\" content=\"https:\/\/grand-ciel.com\/2023-11-02-journee-dechanges-assemblee-generale-2023-copie\/\" \/>\n<meta property=\"og:site_name\" content=\"Grand CIEL\" \/>\n<meta property=\"article:publisher\" content=\"https:\/\/www.facebook.com\/grandcielcirque\" \/>\n<meta property=\"article:published_time\" content=\"2023-11-02T08:47:34+00:00\" \/>\n<meta property=\"article:modified_time\" content=\"2023-11-02T08:47:35+00:00\" \/>\n<meta property=\"og:image\" content=\"https:\/\/grand-ciel.com\/wp-content\/uploads\/2023\/11\/header-pleniere.jpg\" \/>\n\t<meta property=\"og:image:width\" content=\"960\" \/>\n\t<meta property=\"og:image:height\" content=\"460\" \/>\n\t<meta property=\"og:image:type\" content=\"image\/jpeg\" \/>\n<meta name=\"author\" content=\"Adeline Renard\" \/>\n<meta name=\"twitter:card\" content=\"summary_large_image\" \/>\n<meta name=\"twitter:label1\" content=\"Written by\" \/>\n\t<meta name=\"twitter:data1\" content=\"Adeline Renard\" \/>\n\t<meta name=\"twitter:label2\" content=\"Est. reading time\" \/>\n\t<meta name=\"twitter:data2\" content=\"1 minute\" \/>\n<script type=\"application\/ld+json\" class=\"yoast-schema-graph\">{\"@context\":\"https:\/\/schema.org\",\"@graph\":[{\"@type\":\"Article\",\"@id\":\"https:\/\/grand-ciel.com\/2023-11-02-journee-dechanges-assemblee-generale-2023-copie\/#article\",\"isPartOf\":{\"@id\":\"https:\/\/grand-ciel.com\/2023-11-02-journee-dechanges-assemblee-generale-2023-copie\/\"},\"author\":{\"name\":\"Adeline Renard\",\"@id\":\"https:\/\/grand-ciel.com\/#\/schema\/person\/f2743dc309e2e7417b986d5f6250a2e9\"},\"headline\":\"REUNION PLENIERE A NANCY\",\"datePublished\":\"2023-11-02T08:47:34+00:00\",\"dateModified\":\"2023-11-02T08:47:35+00:00\",\"mainEntityOfPage\":{\"@id\":\"https:\/\/grand-ciel.com\/2023-11-02-journee-dechanges-assemblee-generale-2023-copie\/\"},\"wordCount\":191,\"publisher\":{\"@id\":\"https:\/\/grand-ciel.com\/#organization\"},\"image\":{\"@id\":\"https:\/\/grand-ciel.com\/2023-11-02-journee-dechanges-assemblee-generale-2023-copie\/#primaryimage\"},\"thumbnailUrl\":\"https:\/\/grand-ciel.com\/wp-content\/uploads\/2023\/11\/header-pleniere.jpg\",\"articleSection\":[\"Actualit\u00e9s\"],\"inLanguage\":\"en-US\"},{\"@type\":\"WebPage\",\"@id\":\"https:\/\/grand-ciel.com\/2023-11-02-journee-dechanges-assemblee-generale-2023-copie\/\",\"url\":\"https:\/\/grand-ciel.com\/2023-11-02-journee-dechanges-assemblee-generale-2023-copie\/\",\"name\":\"REUNION PLENIERE A NANCY - Grand CIEL\",\"isPartOf\":{\"@id\":\"https:\/\/grand-ciel.com\/#website\"},\"primaryImageOfPage\":{\"@id\":\"https:\/\/grand-ciel.com\/2023-11-02-journee-dechanges-assemblee-generale-2023-copie\/#primaryimage\"},\"image\":{\"@id\":\"https:\/\/grand-ciel.com\/2023-11-02-journee-dechanges-assemblee-generale-2023-copie\/#primaryimage\"},\"thumbnailUrl\":\"https:\/\/grand-ciel.com\/wp-content\/uploads\/2023\/11\/header-pleniere.jpg\",\"datePublished\":\"2023-11-02T08:47:34+00:00\",\"dateModified\":\"2023-11-02T08:47:35+00:00\",\"breadcrumb\":{\"@id\":\"https:\/\/grand-ciel.com\/2023-11-02-journee-dechanges-assemblee-generale-2023-copie\/#breadcrumb\"},\"inLanguage\":\"en-US\",\"potentialAction\":[{\"@type\":\"ReadAction\",\"target\":[\"https:\/\/grand-ciel.com\/2023-11-02-journee-dechanges-assemblee-generale-2023-copie\/\"]}]},{\"@type\":\"ImageObject\",\"inLanguage\":\"en-US\",\"@id\":\"https:\/\/grand-ciel.com\/2023-11-02-journee-dechanges-assemblee-generale-2023-copie\/#primaryimage\",\"url\":\"https:\/\/grand-ciel.com\/wp-content\/uploads\/2023\/11\/header-pleniere.jpg\",\"contentUrl\":\"https:\/\/grand-ciel.com\/wp-content\/uploads\/2023\/11\/header-pleniere.jpg\",\"width\":960,\"height\":460},{\"@type\":\"BreadcrumbList\",\"@id\":\"https:\/\/grand-ciel.com\/2023-11-02-journee-dechanges-assemblee-generale-2023-copie\/#breadcrumb\",\"itemListElement\":[{\"@type\":\"ListItem\",\"position\":1,\"name\":\"Accueil\",\"item\":\"https:\/\/grand-ciel.com\/en\/home\/\"},{\"@type\":\"ListItem\",\"position\":2,\"name\":\"REUNION PLENIERE A NANCY\"}]},{\"@type\":\"WebSite\",\"@id\":\"https:\/\/grand-ciel.com\/#website\",\"url\":\"https:\/\/grand-ciel.com\/\",\"name\":\"Grand CIEL\",\"description\":\"\",\"publisher\":{\"@id\":\"https:\/\/grand-ciel.com\/#organization\"},\"potentialAction\":[{\"@type\":\"SearchAction\",\"target\":{\"@type\":\"EntryPoint\",\"urlTemplate\":\"https:\/\/grand-ciel.com\/?s={search_term_string}\"},\"query-input\":{\"@type\":\"PropertyValueSpecification\",\"valueRequired\":true,\"valueName\":\"search_term_string\"}}],\"inLanguage\":\"en-US\"},{\"@type\":\"Organization\",\"@id\":\"https:\/\/grand-ciel.com\/#organization\",\"name\":\"Grand CIEL\",\"url\":\"https:\/\/grand-ciel.com\/\",\"logo\":{\"@type\":\"ImageObject\",\"inLanguage\":\"en-US\",\"@id\":\"https:\/\/grand-ciel.com\/#\/schema\/logo\/image\/\",\"url\":\"https:\/\/grand-ciel.com\/wp-content\/uploads\/2023\/05\/logo_Grand_Ciel_orange_fond_bleu_250.jpg\",\"contentUrl\":\"https:\/\/grand-ciel.com\/wp-content\/uploads\/2023\/05\/logo_Grand_Ciel_orange_fond_bleu_250.jpg\",\"width\":250,\"height\":148,\"caption\":\"Grand CIEL\"},\"image\":{\"@id\":\"https:\/\/grand-ciel.com\/#\/schema\/logo\/image\/\"},\"sameAs\":[\"https:\/\/www.facebook.com\/grandcielcirque\"]},{\"@type\":\"Person\",\"@id\":\"https:\/\/grand-ciel.com\/#\/schema\/person\/f2743dc309e2e7417b986d5f6250a2e9\",\"name\":\"Adeline Renard\"}]}<\/script>\n<!-- \/ Yoast SEO plugin. -->","yoast_head_json":{"title":"REUNION PLENIERE A NANCY - Grand CIEL","robots":{"index":"index","follow":"follow","max-snippet":"max-snippet:-1","max-image-preview":"max-image-preview:large","max-video-preview":"max-video-preview:-1"},"canonical":"https:\/\/grand-ciel.com\/2023-11-02-journee-dechanges-assemblee-generale-2023-copie\/","og_locale":"en_US","og_type":"article","og_title":"REUNION PLENIERE A NANCY - Grand CIEL","og_description":"Vendredi 13 octobre 2023, les adh\u00e9rents du r\u00e9seau se sont r\u00e9unis en pl\u00e9ni\u00e8re \u00e0 Nancy. L\u2019objectif de cette pl\u00e9ni\u00e8re \u00e9tait d\u2019arr\u00eater des dispositifs et des actions permettant de r\u00e9pondre aux axes identifi\u00e9s comme prioritaires et aux probl\u00e9matiques soulev\u00e9es collectivement lors de la journ\u00e9e d\u2019\u00e9changes et l\u2019Assembl\u00e9e g\u00e9n\u00e9rale du mois de mai, mais aussi \u00e0 l\u2019occasion [&hellip;]","og_url":"https:\/\/grand-ciel.com\/2023-11-02-journee-dechanges-assemblee-generale-2023-copie\/","og_site_name":"Grand CIEL","article_publisher":"https:\/\/www.facebook.com\/grandcielcirque","article_published_time":"2023-11-02T08:47:34+00:00","article_modified_time":"2023-11-02T08:47:35+00:00","og_image":[{"width":960,"height":460,"url":"https:\/\/grand-ciel.com\/wp-content\/uploads\/2023\/11\/header-pleniere.jpg","type":"image\/jpeg"}],"author":"Adeline Renard","twitter_card":"summary_large_image","twitter_misc":{"Written by":"Adeline Renard","Est. reading time":"1 minute"},"schema":{"@context":"https:\/\/schema.org","@graph":[{"@type":"Article","@id":"https:\/\/grand-ciel.com\/2023-11-02-journee-dechanges-assemblee-generale-2023-copie\/#article","isPartOf":{"@id":"https:\/\/grand-ciel.com\/2023-11-02-journee-dechanges-assemblee-generale-2023-copie\/"},"author":{"name":"Adeline Renard","@id":"https:\/\/grand-ciel.com\/#\/schema\/person\/f2743dc309e2e7417b986d5f6250a2e9"},"headline":"REUNION PLENIERE A NANCY","datePublished":"2023-11-02T08:47:34+00:00","dateModified":"2023-11-02T08:47:35+00:00","mainEntityOfPage":{"@id":"https:\/\/grand-ciel.com\/2023-11-02-journee-dechanges-assemblee-generale-2023-copie\/"},"wordCount":191,"publisher":{"@id":"https:\/\/grand-ciel.com\/#organization"},"image":{"@id":"https:\/\/grand-ciel.com\/2023-11-02-journee-dechanges-assemblee-generale-2023-copie\/#primaryimage"},"thumbnailUrl":"https:\/\/grand-ciel.com\/wp-content\/uploads\/2023\/11\/header-pleniere.jpg","articleSection":["Actualit\u00e9s"],"inLanguage":"en-US"},{"@type":"WebPage","@id":"https:\/\/grand-ciel.com\/2023-11-02-journee-dechanges-assemblee-generale-2023-copie\/","url":"https:\/\/grand-ciel.com\/2023-11-02-journee-dechanges-assemblee-generale-2023-copie\/","name":"REUNION PLENIERE A NANCY - Grand CIEL","isPartOf":{"@id":"https:\/\/grand-ciel.com\/#website"},"primaryImageOfPage":{"@id":"https:\/\/grand-ciel.com\/2023-11-02-journee-dechanges-assemblee-generale-2023-copie\/#primaryimage"},"image":{"@id":"https:\/\/grand-ciel.com\/2023-11-02-journee-dechanges-assemblee-generale-2023-copie\/#primaryimage"},"thumbnailUrl":"https:\/\/grand-ciel.com\/wp-content\/uploads\/2023\/11\/header-pleniere.jpg","datePublished":"2023-11-02T08:47:34+00:00","dateModified":"2023-11-02T08:47:35+00:00","breadcrumb":{"@id":"https:\/\/grand-ciel.com\/2023-11-02-journee-dechanges-assemblee-generale-2023-copie\/#breadcrumb"},"inLanguage":"en-US","potentialAction":[{"@type":"ReadAction","target":["https:\/\/grand-ciel.com\/2023-11-02-journee-dechanges-assemblee-generale-2023-copie\/"]}]},{"@type":"ImageObject","inLanguage":"en-US","@id":"https:\/\/grand-ciel.com\/2023-11-02-journee-dechanges-assemblee-generale-2023-copie\/#primaryimage","url":"https:\/\/grand-ciel.com\/wp-content\/uploads\/2023\/11\/header-pleniere.jpg","contentUrl":"https:\/\/grand-ciel.com\/wp-content\/uploads\/2023\/11\/header-pleniere.jpg","width":960,"height":460},{"@type":"BreadcrumbList","@id":"https:\/\/grand-ciel.com\/2023-11-02-journee-dechanges-assemblee-generale-2023-copie\/#breadcrumb","itemListElement":[{"@type":"ListItem","position":1,"name":"Accueil","item":"https:\/\/grand-ciel.com\/en\/home\/"},{"@type":"ListItem","position":2,"name":"REUNION PLENIERE A NANCY"}]},{"@type":"WebSite","@id":"https:\/\/grand-ciel.com\/#website","url":"https:\/\/grand-ciel.com\/","name":"Grand CIEL","description":"","publisher":{"@id":"https:\/\/grand-ciel.com\/#organization"},"potentialAction":[{"@type":"SearchAction","target":{"@type":"EntryPoint","urlTemplate":"https:\/\/grand-ciel.com\/?s={search_term_string}"},"query-input":{"@type":"PropertyValueSpecification","valueRequired":true,"valueName":"search_term_string"}}],"inLanguage":"en-US"},{"@type":"Organization","@id":"https:\/\/grand-ciel.com\/#organization","name":"Grand CIEL","url":"https:\/\/grand-ciel.com\/","logo":{"@type":"ImageObject","inLanguage":"en-US","@id":"https:\/\/grand-ciel.com\/#\/schema\/logo\/image\/","url":"https:\/\/grand-ciel.com\/wp-content\/uploads\/2023\/05\/logo_Grand_Ciel_orange_fond_bleu_250.jpg","contentUrl":"https:\/\/grand-ciel.com\/wp-content\/uploads\/2023\/05\/logo_Grand_Ciel_orange_fond_bleu_250.jpg","width":250,"height":148,"caption":"Grand CIEL"},"image":{"@id":"https:\/\/grand-ciel.com\/#\/schema\/logo\/image\/"},"sameAs":["https:\/\/www.facebook.com\/grandcielcirque"]},{"@type":"Person","@id":"https:\/\/grand-ciel.com\/#\/schema\/person\/f2743dc309e2e7417b986d5f6250a2e9","name":"Adeline Renard"}]}},"uagb_featured_image_src":{"full":["https:\/\/grand-ciel.com\/wp-content\/uploads\/2023\/11\/header-pleniere.jpg",960,460,false],"thumbnail":["https:\/\/grand-ciel.com\/wp-content\/uploads\/2023\/11\/header-pleniere-150x150.jpg",150,150,true],"medium":["https:\/\/grand-ciel.com\/wp-content\/uploads\/2023\/11\/header-pleniere-480x230.jpg",480,230,true],"medium_large":["https:\/\/grand-ciel.com\/wp-content\/uploads\/2023\/11\/header-pleniere-768x368.jpg",768,368,true],"large":["https:\/\/grand-ciel.com\/wp-content\/uploads\/2023\/11\/header-pleniere.jpg",960,460,false],"gs-tiny":["https:\/\/grand-ciel.com\/wp-content\/uploads\/2023\/11\/header-pleniere.jpg",50,24,false],"xl":["https:\/\/grand-ciel.com\/wp-content\/uploads\/2023\/11\/header-pleniere.jpg",960,460,false],"xxl":["https:\/\/grand-ciel.com\/wp-content\/uploads\/2023\/11\/header-pleniere.jpg",960,460,false],"xxxl":["https:\/\/grand-ciel.com\/wp-content\/uploads\/2023\/11\/header-pleniere.jpg",960,460,false],"xxxxl":["https:\/\/grand-ciel.com\/wp-content\/uploads\/2023\/11\/header-pleniere.jpg",960,460,false],"xxxxxl":["https:\/\/grand-ciel.com\/wp-content\/uploads\/2023\/11\/header-pleniere.jpg",960,460,false],"1536x1536":["https:\/\/grand-ciel.com\/wp-content\/uploads\/2023\/11\/header-pleniere.jpg",960,460,false],"2048x2048":["https:\/\/grand-ciel.com\/wp-content\/uploads\/2023\/11\/header-pleniere.jpg",960,460,false]},"uagb_author_info":{"display_name":"Adeline Renard","author_link":"https:\/\/grand-ciel.com\/en\/author\/adelinetestgc\/"},"uagb_comment_info":0,"uagb_excerpt":"Vendredi 13 octobre 2023, les adh\u00e9rents du r\u00e9seau se sont r\u00e9unis en pl\u00e9ni\u00e8re \u00e0 Nancy. L\u2019objectif de cette pl\u00e9ni\u00e8re \u00e9tait d\u2019arr\u00eater des dispositifs et des actions permettant de r\u00e9pondre aux axes identifi\u00e9s comme prioritaires et aux probl\u00e9matiques soulev\u00e9es collectivement lors de la journ\u00e9e d\u2019\u00e9changes et l\u2019Assembl\u00e9e g\u00e9n\u00e9rale du mois de mai, mais aussi \u00e0 l\u2019occasion&hellip;","mfb_rest_fields":["title","yoast_head","yoast_head_json","uagb_featured_image_src","uagb_author_info","uagb_comment_info","uagb_excerpt"],"_links":{"self":[{"href":"https:\/\/grand-ciel.com\/en\/wp-json\/wp\/v2\/posts\/2246","targetHints":{"allow":["GET"]}}],"collection":[{"href":"https:\/\/grand-ciel.com\/en\/wp-json\/wp\/v2\/posts"}],"about":[{"href":"https:\/\/grand-ciel.com\/en\/wp-json\/wp\/v2\/types\/post"}],"author":[{"embeddable":true,"href":"https:\/\/grand-ciel.com\/en\/wp-json\/wp\/v2\/users\/31"}],"replies":[{"embeddable":true,"href":"https:\/\/grand-ciel.com\/en\/wp-json\/wp\/v2\/comments?post=2246"}],"version-history":[{"count":2,"href":"https:\/\/grand-ciel.com\/en\/wp-json\/wp\/v2\/posts\/2246\/revisions"}],"predecessor-version":[{"id":2335,"href":"https:\/\/grand-ciel.com\/en\/wp-json\/wp\/v2\/posts\/2246\/revisions\/2335"}],"wp:featuredmedia":[{"embeddable":true,"href":"https:\/\/grand-ciel.com\/en\/wp-json\/wp\/v2\/media\/2247"}],"wp:attachment":[{"href":"https:\/\/grand-ciel.com\/en\/wp-json\/wp\/v2\/media?parent=2246"}],"wp:term":[{"taxonomy":"category","embeddable":true,"href":"https:\/\/grand-ciel.com\/en\/wp-json\/wp\/v2\/categories?post=2246"},{"taxonomy":"post_tag","embeddable":true,"href":"https:\/\/grand-ciel.com\/en\/wp-json\/wp\/v2\/tags?post=2246"}],"curies":[{"name":"wp","href":"https:\/\/api.w.org\/{rel}","templated":true}]}}