{"id":1780,"date":"2023-06-01T09:55:03","date_gmt":"2023-06-01T07:55:03","guid":{"rendered":"https:\/\/grand-ciel.com\/?p=1780"},"modified":"2023-08-16T11:11:54","modified_gmt":"2023-08-16T09:11:54","slug":"journee-dechanges-assemblee-generale-2023","status":"publish","type":"post","link":"https:\/\/grand-ciel.com\/en\/2023-06-01-journee-dechanges-assemblee-generale-2023\/","title":{"rendered":"JOURNEE D&#8217;ECHANGES &amp; ASSEMBLEE GENERALE 2023"},"content":{"rendered":"\n<h2 class=\"wp-block-heading\"> R\u00e9sum\u00e9 de la journ\u00e9e du 25 mai \u00e0 l&#8217;espace chapiteaux de <a href=\"https:\/\/www.facebook.com\/cirk.eole?__cft__[0]=AZUSmu-9l1MPUKTgx1HfW4Rw7NbHi3514Ekj5SUkmHcjXRN6jdxwhpkDX-3TQy--AEPiesIO-nIMxpUc6c74UEtmTUcyP-vZCUfjYczsGw2dS90Vb4KWch_e_QnS_thcPEjIbjpCnt-DW-O5_ETgZ_2VGW8dkVbcCVVslsOm_oY9kzemo3On1hF_ohzmjmNR71Y&amp;__tn__=-]K-R\">Cirk Eole<\/a>, \u00e0 Montigny-l\u00e8s-Metz ! <\/h2>\n\n\n\n<p>Le r\u00e9seau Grand CIEL a convi\u00e9 ses adh\u00e9rent\u00b7e\u00b7s \u00e0 une journ\u00e9e riche en \u00e9changes et ateliers, un temps de croisement des regards et des paroles, suivi de l&#8217;Assembl\u00e9e G\u00e9n\u00e9rale annuelle de l&#8217;association.<\/p>\n\n\n\n<p>Lors de la matin\u00e9e de travail au format &#8220;World Caf\u00e9&#8221;, chaque participant\u00b7e a \u00e9t\u00e9 invit\u00e9\u00b7e \u00e0 tourner sur les diff\u00e9rents ateliers de fa\u00e7on \u00e0 apporter sa r\u00e9flexion et ses propositions au chantier de r\u00e9\u00e9criture du projet associatif du r\u00e9seau.<\/p>\n\n\n\n<p>\u00c0 la suite de ces \u00e9changes fructueux et d&#8217;un temps de mise en commun stimulant, des pistes de r\u00e9flexion claires ont \u00e9merg\u00e9. <\/p>\n\n\n\n<p>La prochaine session de travail sera consacr\u00e9e \u00e0 la d\u00e9finition de dispositifs et d&#8217;actions prioritaires en r\u00e9ponse aux probl\u00e9matiques identifi\u00e9es collectivement. Pour ce faire, trois groupes de travail sont constitu\u00e9s pour \u00e9laborer des propositions d&#8217;actions et des modalit\u00e9s d&#8217;intervention.<\/p>\n\n\n\n<p class=\"has-secondary-color has-text-color\"><strong>&gt;&gt; Les r\u00e9sultats de ces travaux seront pr\u00e9sent\u00e9s lors d&#8217;une pl\u00e9ni\u00e8re qui se tiendra le vendredi 13 octobre 2023.<\/strong><\/p>\n\n\n\n<p>L&#8217;Assembl\u00e9e G\u00e9n\u00e9rale s&#8217;est d\u00e9roul\u00e9e avec succ\u00e8s et a permis de faire le bilan d&#8217;une riche ann\u00e9e 2022 !<\/p>\n\n\n\n<p>La journ\u00e9e s&#8217;est cl\u00f4tur\u00e9e avec la repr\u00e9sentation du spectacle &#8220;Le Premier Artifice&#8221; du <a href=\"https:\/\/www.facebook.com\/cirque.queer?__cft__[0]=AZUSmu-9l1MPUKTgx1HfW4Rw7NbHi3514Ekj5SUkmHcjXRN6jdxwhpkDX-3TQy--AEPiesIO-nIMxpUc6c74UEtmTUcyP-vZCUfjYczsGw2dS90Vb4KWch_e_QnS_thcPEjIbjpCnt-DW-O5_ETgZ_2VGW8dkVbcCVVslsOm_oY9kzemo3On1hF_ohzmjmNR71Y&amp;__tn__=-]K-R\">Cirque Queer<\/a>, soutenu en coproduction par le r\u00e9seau en 2023, mais aussi en diffusion \u00e0 travers une grande tourn\u00e9e partag\u00e9e, dans le cadre du Printemps des chapiteaux.<\/p>\n\n\n\n<p>Merci \u00e0 toutes et tous pour votre participation active et votre engagement au sein du r\u00e9seau Grand CIEL ! Et un grand merci \u00e0 toute l&#8217;\u00e9quipe de Cirk&#8217;Eole pour son accueil ! <\/p>\n\n\n<div id=\"gutenslider-hfmh6rp40\" class=\"wp-block-eedee-block-gutenslider content-change alignnone arrow-style-1 arrow-position-sides arrow-mb-none arrows-lg arrows-md arrows-sm dot-style-1 dots-lg dots-md dots-sm dot-position-bottom is-position-center-center mb-none\" style=\"--gutenslider-min-height: 62vh;--gutenslider-arrow-size: 30px;--gutenslider-dot-size: 25px;--gutenslider-arrow-color: #ffffff;--gutenslider-dot-color: #ffffff;--gutenslider-padding-y-mobile: 40px;--gutenslider-padding-x-mobile: 40px;--gutenslider-padding-y-tablet: 40px;--gutenslider-padding-x-tablet: 40px;--gutenslider-padding-y-desktop: 40px;--gutenslider-padding-x-desktop: 40px;--gutenslider-bg-image: url();--gutenslider-min-height-md: 50vh;--gutenslider-min-height-sm: 50vh;--gutenslider-padding-x: 40px;--gutenslider-padding-x-md: 40px;--gutenslider-padding-x-sm: 20px;--gutenslider-padding-y: 40px;--gutenslider-padding-y-md: 40px;--gutenslider-padding-y-sm: 20px;--gutenslider-arrow-size-md: 30px;--gutenslider-arrow-size-sm: 30px;--gutenslider-dot-size-md: 25px;--gutenslider-dot-size-sm: 25px;--gutenslider-arrow-bg-color: transparent;--gutenslider-arrow-hover-color: #eeeeee;--gutenslider-arrow-bg-hover-color: transparent;--gutenslider-arrow-x-offset: 10px;--gutenslider-arrow-x-offset-md: 10px;--gutenslider-arrow-x-offset-sm: 10px;--gutenslider-arrow-y-offset: 0px;--gutenslider-arrow-y-offset-md: 0px;--gutenslider-arrow-y-offset-sm: 0px;--gutenslider-arrow-x-spacing: 0px;--gutenslider-dot-y-offset: 10px;--gutenslider-dot-y-offset-md: 10px;--gutenslider-dot-y-offset-sm: 10px;--gutenslider-margin-x: 0px;--gutenslider-margin-x-md: 0px;--gutenslider-margin-x-sm: 0px;--gutenslider-margin-y: 0px;--gutenslider-margin-y-md: 0px;--gutenslider-margin-y-sm: 0px;--gutenslider-divider-top: 60px;--gutenslider-divider-bottom: 60px;--gutenslider-lightgallery-bg: #ffffff;--gutenslider-lightgallery-font: #000000;\" data-parallax-direction=\"down\" data-parallax-amount=\"1.3\" data-lg-transition=\"lg-slide\" data-hash=\"\"><div class=\"eedee-swiper-outer\"><div class=\"gutenslider-divider-top\" style=\"color:#fff; height:60px;\"><\/div><div class=\"swiper\" data-settings='{\"autoplay\":{\"delay\":3000,\"pauseOnMouseEnter\":true,\"disableOnInteraction\":false},\"speed\":700,\"direction\":\"horizontal\",\"autoHeight\":\"\",\"loop\":true,\"centeredSlides\":true,\"spaceBetween\":0,\"slidesPerView\":2,\"slidesPerGroup\":2,\"effect\":\"slide\",\"coverflowEffect\":{\"rotate\":30,\"slideShadows\":false,\"depth\":100,\"stretch\":50,\"modifier\":1},\"fadeEffect\":{\"crossFade\":true},\"zoom\":\"\",\"navigation\":{\"nextEl\":\"#gutenslider-hfmh6rp40 .eedee-gutenslider-next\",\"prevEl\":\"#gutenslider-hfmh6rp40 .eedee-gutenslider-prev\"},\"pagination\":{\"type\":\"bullets\",\"clickable\":true,\"dynamicBullets\":false,\"el\":\"#gutenslider-hfmh6rp40 .eedee-gutenslider-pagination\"},\"pauseOnHover\":\"1\",\"watchSlidesProgress\":true,\"watchSlidesVisibility\":true,\"settingsMd\":{\"autoHeight\":\"\",\"slidesPerView\":2,\"slidesPerGroup\":2,\"spaceBetween\":0},\"settingsLg\":{\"autoHeight\":\"\",\"slidesPerView\":2,\"slidesPerGroup\":2,\"spaceBetween\":0},\"hasLg\":false,\"hasLgCounter\":true,\"isFullScreen\":false,\"arrowsFollowMouse\":false,\"lgTitle\":\"none\",\"lgCaption\":\"none\",\"lgThumbnails\":true,\"keyboard\":{\"keyboard\":{\"enabled\":true,\"onlyInViewport\":true}},\"hashNavigation\":false}'><div class=\"swiper-wrapper\">\n<div class=\"swiper-slide wp-block-eedee-block-gutenslide is-position-center-center ed-bg-image\" style=\"--ed-vw:480;--ed-vh:360;\" data-hash=\"\"><div class=\"eedee-background-div bg-image\"><img loading=\"lazy\" width=\"667\" height=\"500\" class=\"wp-image-1807\" src=\"https:\/\/grand-ciel.com\/wp-content\/uploads\/2023\/08\/IMG_20230525_104132-2-667x500.jpg\" alt=\"\" decoding=\"async\" style=\"object-fit: cover; object-position: 50% 50%;\"  data-title=\"IMG_20230525_104132\" srcset=\"https:\/\/grand-ciel.com\/wp-content\/uploads\/2023\/08\/IMG_20230525_104132-2-667x500.jpg 667w, https:\/\/grand-ciel.com\/wp-content\/uploads\/2023\/08\/IMG_20230525_104132-2-480x360.jpg 480w, https:\/\/grand-ciel.com\/wp-content\/uploads\/2023\/08\/IMG_20230525_104132-2-768x576.jpg 768w, https:\/\/grand-ciel.com\/wp-content\/uploads\/2023\/08\/IMG_20230525_104132-2-1600x1200.jpg 1600w, https:\/\/grand-ciel.com\/wp-content\/uploads\/2023\/08\/IMG_20230525_104132-2-1536x1152.jpg 1536w, https:\/\/grand-ciel.com\/wp-content\/uploads\/2023\/08\/IMG_20230525_104132-2-2048x1536.jpg 2048w\" sizes=\"auto, (max-width: 667px) 100vw, 667px\" \/><div class=\"eedee-background-div__overlay\" style=\"opacity:1;\"><\/div><\/div><div class=\"slide-content\">\n\n<p class=\"has-text-align-center gutenslider-content-initial has-larger-font-size\"><\/p>\n\n<\/div><\/div>\n\n<div class=\"swiper-slide wp-block-eedee-block-gutenslide is-position-center-center ed-bg-image\" style=\"--ed-vw:480;--ed-vh:638;\" data-hash=\"\"><div class=\"eedee-background-div bg-image\"><img loading=\"lazy\" width=\"376\" height=\"500\" class=\"wp-image-1785\" src=\"https:\/\/grand-ciel.com\/wp-content\/uploads\/2023\/08\/IMG_20230525_110233-376x500.jpg\" alt=\"\" decoding=\"async\" style=\"object-fit: cover; object-position: 50% 50%;\"  data-title=\"IMG_20230525_110233\" srcset=\"https:\/\/grand-ciel.com\/wp-content\/uploads\/2023\/08\/IMG_20230525_110233-376x500.jpg 376w, https:\/\/grand-ciel.com\/wp-content\/uploads\/2023\/08\/IMG_20230525_110233-480x638.jpg 480w, https:\/\/grand-ciel.com\/wp-content\/uploads\/2023\/08\/IMG_20230525_110233-768x1021.jpg 768w, https:\/\/grand-ciel.com\/wp-content\/uploads\/2023\/08\/IMG_20230525_110233-1600x2127.jpg 1600w, https:\/\/grand-ciel.com\/wp-content\/uploads\/2023\/08\/IMG_20230525_110233-1155x1536.jpg 1155w, https:\/\/grand-ciel.com\/wp-content\/uploads\/2023\/08\/IMG_20230525_110233-1541x2048.jpg 1541w, https:\/\/grand-ciel.com\/wp-content\/uploads\/2023\/08\/IMG_20230525_110233-scaled.jpg 1926w\" sizes=\"auto, (max-width: 376px) 100vw, 376px\" \/><div class=\"eedee-background-div__overlay\" style=\"opacity:1;\"><\/div><\/div><div class=\"slide-content\">\n\n<p class=\"has-text-align-center gutenslider-content-initial has-larger-font-size\"><\/p>\n\n<\/div><\/div>\n\n<div class=\"swiper-slide wp-block-eedee-block-gutenslide is-position-center-center ed-bg-image\" style=\"--ed-vw:480;--ed-vh:640;\" data-hash=\"\"><div class=\"eedee-background-div bg-image\"><img loading=\"lazy\" width=\"375\" height=\"500\" class=\"wp-image-1795\" src=\"https:\/\/grand-ciel.com\/wp-content\/uploads\/2023\/08\/IMG_20230525_120205-375x500.jpg\" alt=\"\" decoding=\"async\" style=\"object-fit: cover; object-position: 50% 50%;\"  data-title=\"IMG_20230525_120205\" srcset=\"https:\/\/grand-ciel.com\/wp-content\/uploads\/2023\/08\/IMG_20230525_120205-375x500.jpg 375w, https:\/\/grand-ciel.com\/wp-content\/uploads\/2023\/08\/IMG_20230525_120205-480x640.jpg 480w, https:\/\/grand-ciel.com\/wp-content\/uploads\/2023\/08\/IMG_20230525_120205-768x1024.jpg 768w, https:\/\/grand-ciel.com\/wp-content\/uploads\/2023\/08\/IMG_20230525_120205-1600x2133.jpg 1600w, https:\/\/grand-ciel.com\/wp-content\/uploads\/2023\/08\/IMG_20230525_120205-1152x1536.jpg 1152w, https:\/\/grand-ciel.com\/wp-content\/uploads\/2023\/08\/IMG_20230525_120205-1536x2048.jpg 1536w, https:\/\/grand-ciel.com\/wp-content\/uploads\/2023\/08\/IMG_20230525_120205-scaled.jpg 1920w\" sizes=\"auto, (max-width: 375px) 100vw, 375px\" \/><div class=\"eedee-background-div__overlay\" style=\"opacity:1;\"><\/div><\/div><div class=\"slide-content\">\n\n<p class=\"has-text-align-center gutenslider-content-initial has-larger-font-size\"><\/p>\n\n<\/div><\/div>\n\n<div class=\"swiper-slide wp-block-eedee-block-gutenslide is-position-center-center ed-bg-image\" style=\"--ed-vw:480;--ed-vh:360;\" data-hash=\"\"><div class=\"eedee-background-div bg-image\"><img loading=\"lazy\" width=\"667\" height=\"500\" class=\"wp-image-1791\" src=\"https:\/\/grand-ciel.com\/wp-content\/uploads\/2023\/08\/IMG_20230525_110529-667x500.jpg\" alt=\"\" decoding=\"async\" style=\"object-fit: cover; object-position: 50% 50%;\"  data-title=\"IMG_20230525_110529\" srcset=\"https:\/\/grand-ciel.com\/wp-content\/uploads\/2023\/08\/IMG_20230525_110529-667x500.jpg 667w, https:\/\/grand-ciel.com\/wp-content\/uploads\/2023\/08\/IMG_20230525_110529-480x360.jpg 480w, https:\/\/grand-ciel.com\/wp-content\/uploads\/2023\/08\/IMG_20230525_110529-768x576.jpg 768w, https:\/\/grand-ciel.com\/wp-content\/uploads\/2023\/08\/IMG_20230525_110529-1600x1200.jpg 1600w, https:\/\/grand-ciel.com\/wp-content\/uploads\/2023\/08\/IMG_20230525_110529-1536x1152.jpg 1536w, https:\/\/grand-ciel.com\/wp-content\/uploads\/2023\/08\/IMG_20230525_110529-2048x1536.jpg 2048w\" sizes=\"auto, (max-width: 667px) 100vw, 667px\" \/><div class=\"eedee-background-div__overlay\" style=\"opacity:1;\"><\/div><\/div><div class=\"slide-content\">\n\n<p class=\"has-text-align-center gutenslider-content-initial has-larger-font-size\"><\/p>\n\n<\/div><\/div>\n\n<div class=\"swiper-slide wp-block-eedee-block-gutenslide is-position-center-center ed-bg-image\" style=\"--ed-vw:480;--ed-vh:640;\" data-hash=\"\"><div class=\"eedee-background-div bg-image\"><img loading=\"lazy\" width=\"375\" height=\"500\" class=\"wp-image-1803\" src=\"https:\/\/grand-ciel.com\/wp-content\/uploads\/2023\/08\/IMG_20230525_213206-375x500.jpg\" alt=\"\" decoding=\"async\" style=\"object-fit: cover; object-position: 50% 50%;\"  data-title=\"IMG_20230525_213206\" srcset=\"https:\/\/grand-ciel.com\/wp-content\/uploads\/2023\/08\/IMG_20230525_213206-375x500.jpg 375w, https:\/\/grand-ciel.com\/wp-content\/uploads\/2023\/08\/IMG_20230525_213206-480x640.jpg 480w, https:\/\/grand-ciel.com\/wp-content\/uploads\/2023\/08\/IMG_20230525_213206-768x1024.jpg 768w, https:\/\/grand-ciel.com\/wp-content\/uploads\/2023\/08\/IMG_20230525_213206-1600x2133.jpg 1600w, https:\/\/grand-ciel.com\/wp-content\/uploads\/2023\/08\/IMG_20230525_213206-1152x1536.jpg 1152w, https:\/\/grand-ciel.com\/wp-content\/uploads\/2023\/08\/IMG_20230525_213206-1536x2048.jpg 1536w, https:\/\/grand-ciel.com\/wp-content\/uploads\/2023\/08\/IMG_20230525_213206-scaled.jpg 1920w\" sizes=\"auto, (max-width: 375px) 100vw, 375px\" \/><div class=\"eedee-background-div__overlay\" style=\"opacity:1;\"><\/div><\/div><div class=\"slide-content\">\n\n<p class=\"has-text-align-center gutenslider-content-initial has-larger-font-size\"><\/p>\n\n<\/div><\/div>\n<\/div><\/div><button class=\"eedee-gutenslider-nav eedee-gutenslider-prev\" aria-label=\"Previous Slide\" aria-disabled=\"false\"><svg xmlns=\"http:\/\/www.w3.org\/2000\/svg\" viewBox=\"0 0 24 24\" width=\"24\" height=\"24\"><circle class=\"bg\" cx=\"13\" cy=\"12\" r=\"11\" \/><path fill=\"none\" d=\"M0 0h24v24H0z\"\/><path class=\"arrow\" d=\"M10.828 12l4.95 4.95-1.414 1.414L8 12l6.364-6.364 1.414 1.414z\"\/><\/svg><\/button><button class=\"eedee-gutenslider-nav eedee-gutenslider-next\" aria-label=\"Next Slide\" aria-disabled=\"false\"><svg xmlns=\"http:\/\/www.w3.org\/2000\/svg\" viewBox=\"0 0 24 24\" width=\"24\" height=\"24\"><circle class=\"bg\" cx=\"11\" cy=\"12\" r=\"11\" \/><path fill=\"none\" d=\"M0 0h24v24H0z\"\/><path class=\"arrow\" d=\"M13.172 12l-4.95-4.95 1.414-1.414L16 12l-6.364 6.364-1.414-1.414z\"\/><\/svg><\/button><div class=\"eedee-gutenslider-pagination\"><\/div><\/div><div class=\"gutenslider-divider-bottom \" style=\"color:#fff; height:60px;\"><\/div><\/div>","protected":false},"excerpt":{"rendered":"<p>R\u00e9sum\u00e9 de la journ\u00e9e du 25 mai \u00e0 l&#8217;espace chapiteaux de Cirk Eole, \u00e0 Montigny-l\u00e8s-Metz ! Le r\u00e9seau Grand CIEL a convi\u00e9 ses adh\u00e9rent\u00b7e\u00b7s \u00e0 une journ\u00e9e riche en \u00e9changes et ateliers, un temps de croisement des regards et des paroles, suivi de l&#8217;Assembl\u00e9e G\u00e9n\u00e9rale annuelle de l&#8217;association. Lors de la matin\u00e9e de travail au [&hellip;]<\/p>\n","protected":false},"author":1,"featured_media":1816,"comment_status":"closed","ping_status":"closed","sticky":false,"template":"","format":"standard","meta":{"_uag_custom_page_level_css":"","footnotes":""},"categories":[14],"tags":[],"class_list":["post-1780","post","type-post","status-publish","format-standard","has-post-thumbnail","hentry","category-actualites"],"mb":[],"yoast_head":"<!-- This site is optimized with the Yoast SEO plugin v27.2 - https:\/\/yoast.com\/product\/yoast-seo-wordpress\/ -->\n<title>JOURNEE D&#039;ECHANGES &amp; ASSEMBLEE GENERALE 2023 - Grand CIEL<\/title>\n<meta name=\"robots\" content=\"index, follow, max-snippet:-1, max-image-preview:large, max-video-preview:-1\" \/>\n<link rel=\"canonical\" href=\"https:\/\/grand-ciel.com\/2023-06-01-journee-dechanges-assemblee-generale-2023\/\" \/>\n<meta property=\"og:locale\" content=\"en_US\" \/>\n<meta property=\"og:type\" content=\"article\" \/>\n<meta property=\"og:title\" content=\"JOURNEE D&#039;ECHANGES &amp; ASSEMBLEE GENERALE 2023 - Grand CIEL\" \/>\n<meta property=\"og:description\" content=\"R\u00e9sum\u00e9 de la journ\u00e9e du 25 mai \u00e0 l&#8217;espace chapiteaux de Cirk Eole, \u00e0 Montigny-l\u00e8s-Metz ! Le r\u00e9seau Grand CIEL a convi\u00e9 ses adh\u00e9rent\u00b7e\u00b7s \u00e0 une journ\u00e9e riche en \u00e9changes et ateliers, un temps de croisement des regards et des paroles, suivi de l&#8217;Assembl\u00e9e G\u00e9n\u00e9rale annuelle de l&#8217;association. Lors de la matin\u00e9e de travail au [&hellip;]\" \/>\n<meta property=\"og:url\" content=\"https:\/\/grand-ciel.com\/2023-06-01-journee-dechanges-assemblee-generale-2023\/\" \/>\n<meta property=\"og:site_name\" content=\"Grand CIEL\" \/>\n<meta property=\"article:publisher\" content=\"https:\/\/www.facebook.com\/grandcielcirque\" \/>\n<meta property=\"article:published_time\" content=\"2023-06-01T07:55:03+00:00\" \/>\n<meta property=\"article:modified_time\" content=\"2023-08-16T09:11:54+00:00\" \/>\n<meta property=\"og:image\" content=\"https:\/\/grand-ciel.com\/wp-content\/uploads\/2023\/08\/AG-23.jpg\" \/>\n\t<meta property=\"og:image:width\" content=\"960\" \/>\n\t<meta property=\"og:image:height\" content=\"460\" \/>\n\t<meta property=\"og:image:type\" content=\"image\/jpeg\" \/>\n<meta name=\"author\" content=\"admin-gciel-la\" \/>\n<meta name=\"twitter:card\" content=\"summary_large_image\" \/>\n<meta name=\"twitter:label1\" content=\"Written by\" \/>\n\t<meta name=\"twitter:data1\" content=\"admin-gciel-la\" \/>\n\t<meta name=\"twitter:label2\" content=\"Est. reading time\" \/>\n\t<meta name=\"twitter:data2\" content=\"1 minute\" \/>\n<script type=\"application\/ld+json\" class=\"yoast-schema-graph\">{\"@context\":\"https:\/\/schema.org\",\"@graph\":[{\"@type\":\"Article\",\"@id\":\"https:\/\/grand-ciel.com\/2023-06-01-journee-dechanges-assemblee-generale-2023\/#article\",\"isPartOf\":{\"@id\":\"https:\/\/grand-ciel.com\/2023-06-01-journee-dechanges-assemblee-generale-2023\/\"},\"author\":{\"name\":\"admin-gciel-la\",\"@id\":\"https:\/\/grand-ciel.com\/#\/schema\/person\/32d02fd0e867821308f7c2c264e550ca\"},\"headline\":\"JOURNEE D&#8217;ECHANGES &amp; ASSEMBLEE GENERALE 2023\",\"datePublished\":\"2023-06-01T07:55:03+00:00\",\"dateModified\":\"2023-08-16T09:11:54+00:00\",\"mainEntityOfPage\":{\"@id\":\"https:\/\/grand-ciel.com\/2023-06-01-journee-dechanges-assemblee-generale-2023\/\"},\"wordCount\":306,\"publisher\":{\"@id\":\"https:\/\/grand-ciel.com\/#organization\"},\"image\":{\"@id\":\"https:\/\/grand-ciel.com\/2023-06-01-journee-dechanges-assemblee-generale-2023\/#primaryimage\"},\"thumbnailUrl\":\"https:\/\/grand-ciel.com\/wp-content\/uploads\/2023\/08\/AG-23.jpg\",\"articleSection\":[\"Actualit\u00e9s\"],\"inLanguage\":\"en-US\"},{\"@type\":\"WebPage\",\"@id\":\"https:\/\/grand-ciel.com\/2023-06-01-journee-dechanges-assemblee-generale-2023\/\",\"url\":\"https:\/\/grand-ciel.com\/2023-06-01-journee-dechanges-assemblee-generale-2023\/\",\"name\":\"JOURNEE D'ECHANGES &amp; ASSEMBLEE GENERALE 2023 - Grand CIEL\",\"isPartOf\":{\"@id\":\"https:\/\/grand-ciel.com\/#website\"},\"primaryImageOfPage\":{\"@id\":\"https:\/\/grand-ciel.com\/2023-06-01-journee-dechanges-assemblee-generale-2023\/#primaryimage\"},\"image\":{\"@id\":\"https:\/\/grand-ciel.com\/2023-06-01-journee-dechanges-assemblee-generale-2023\/#primaryimage\"},\"thumbnailUrl\":\"https:\/\/grand-ciel.com\/wp-content\/uploads\/2023\/08\/AG-23.jpg\",\"datePublished\":\"2023-06-01T07:55:03+00:00\",\"dateModified\":\"2023-08-16T09:11:54+00:00\",\"breadcrumb\":{\"@id\":\"https:\/\/grand-ciel.com\/2023-06-01-journee-dechanges-assemblee-generale-2023\/#breadcrumb\"},\"inLanguage\":\"en-US\",\"potentialAction\":[{\"@type\":\"ReadAction\",\"target\":[\"https:\/\/grand-ciel.com\/2023-06-01-journee-dechanges-assemblee-generale-2023\/\"]}]},{\"@type\":\"ImageObject\",\"inLanguage\":\"en-US\",\"@id\":\"https:\/\/grand-ciel.com\/2023-06-01-journee-dechanges-assemblee-generale-2023\/#primaryimage\",\"url\":\"https:\/\/grand-ciel.com\/wp-content\/uploads\/2023\/08\/AG-23.jpg\",\"contentUrl\":\"https:\/\/grand-ciel.com\/wp-content\/uploads\/2023\/08\/AG-23.jpg\",\"width\":960,\"height\":460},{\"@type\":\"BreadcrumbList\",\"@id\":\"https:\/\/grand-ciel.com\/2023-06-01-journee-dechanges-assemblee-generale-2023\/#breadcrumb\",\"itemListElement\":[{\"@type\":\"ListItem\",\"position\":1,\"name\":\"Accueil\",\"item\":\"https:\/\/grand-ciel.com\/en\/home\/\"},{\"@type\":\"ListItem\",\"position\":2,\"name\":\"JOURNEE D&rsquo;ECHANGES &amp; ASSEMBLEE GENERALE 2023\"}]},{\"@type\":\"WebSite\",\"@id\":\"https:\/\/grand-ciel.com\/#website\",\"url\":\"https:\/\/grand-ciel.com\/\",\"name\":\"Grand CIEL\",\"description\":\"\",\"publisher\":{\"@id\":\"https:\/\/grand-ciel.com\/#organization\"},\"potentialAction\":[{\"@type\":\"SearchAction\",\"target\":{\"@type\":\"EntryPoint\",\"urlTemplate\":\"https:\/\/grand-ciel.com\/?s={search_term_string}\"},\"query-input\":{\"@type\":\"PropertyValueSpecification\",\"valueRequired\":true,\"valueName\":\"search_term_string\"}}],\"inLanguage\":\"en-US\"},{\"@type\":\"Organization\",\"@id\":\"https:\/\/grand-ciel.com\/#organization\",\"name\":\"Grand CIEL\",\"url\":\"https:\/\/grand-ciel.com\/\",\"logo\":{\"@type\":\"ImageObject\",\"inLanguage\":\"en-US\",\"@id\":\"https:\/\/grand-ciel.com\/#\/schema\/logo\/image\/\",\"url\":\"https:\/\/grand-ciel.com\/wp-content\/uploads\/2023\/05\/logo_Grand_Ciel_orange_fond_bleu_250.jpg\",\"contentUrl\":\"https:\/\/grand-ciel.com\/wp-content\/uploads\/2023\/05\/logo_Grand_Ciel_orange_fond_bleu_250.jpg\",\"width\":250,\"height\":148,\"caption\":\"Grand CIEL\"},\"image\":{\"@id\":\"https:\/\/grand-ciel.com\/#\/schema\/logo\/image\/\"},\"sameAs\":[\"https:\/\/www.facebook.com\/grandcielcirque\"]},{\"@type\":\"Person\",\"@id\":\"https:\/\/grand-ciel.com\/#\/schema\/person\/32d02fd0e867821308f7c2c264e550ca\",\"name\":\"admin-gciel-la\",\"sameAs\":[\"https:\/\/grand-ciel.com\"]}]}<\/script>\n<!-- \/ Yoast SEO plugin. -->","yoast_head_json":{"title":"JOURNEE D'ECHANGES &amp; ASSEMBLEE GENERALE 2023 - Grand CIEL","robots":{"index":"index","follow":"follow","max-snippet":"max-snippet:-1","max-image-preview":"max-image-preview:large","max-video-preview":"max-video-preview:-1"},"canonical":"https:\/\/grand-ciel.com\/2023-06-01-journee-dechanges-assemblee-generale-2023\/","og_locale":"en_US","og_type":"article","og_title":"JOURNEE D'ECHANGES &amp; ASSEMBLEE GENERALE 2023 - Grand CIEL","og_description":"R\u00e9sum\u00e9 de la journ\u00e9e du 25 mai \u00e0 l&#8217;espace chapiteaux de Cirk Eole, \u00e0 Montigny-l\u00e8s-Metz ! Le r\u00e9seau Grand CIEL a convi\u00e9 ses adh\u00e9rent\u00b7e\u00b7s \u00e0 une journ\u00e9e riche en \u00e9changes et ateliers, un temps de croisement des regards et des paroles, suivi de l&#8217;Assembl\u00e9e G\u00e9n\u00e9rale annuelle de l&#8217;association. Lors de la matin\u00e9e de travail au [&hellip;]","og_url":"https:\/\/grand-ciel.com\/2023-06-01-journee-dechanges-assemblee-generale-2023\/","og_site_name":"Grand CIEL","article_publisher":"https:\/\/www.facebook.com\/grandcielcirque","article_published_time":"2023-06-01T07:55:03+00:00","article_modified_time":"2023-08-16T09:11:54+00:00","og_image":[{"width":960,"height":460,"url":"https:\/\/grand-ciel.com\/wp-content\/uploads\/2023\/08\/AG-23.jpg","type":"image\/jpeg"}],"author":"admin-gciel-la","twitter_card":"summary_large_image","twitter_misc":{"Written by":"admin-gciel-la","Est. reading time":"1 minute"},"schema":{"@context":"https:\/\/schema.org","@graph":[{"@type":"Article","@id":"https:\/\/grand-ciel.com\/2023-06-01-journee-dechanges-assemblee-generale-2023\/#article","isPartOf":{"@id":"https:\/\/grand-ciel.com\/2023-06-01-journee-dechanges-assemblee-generale-2023\/"},"author":{"name":"admin-gciel-la","@id":"https:\/\/grand-ciel.com\/#\/schema\/person\/32d02fd0e867821308f7c2c264e550ca"},"headline":"JOURNEE D&#8217;ECHANGES &amp; ASSEMBLEE GENERALE 2023","datePublished":"2023-06-01T07:55:03+00:00","dateModified":"2023-08-16T09:11:54+00:00","mainEntityOfPage":{"@id":"https:\/\/grand-ciel.com\/2023-06-01-journee-dechanges-assemblee-generale-2023\/"},"wordCount":306,"publisher":{"@id":"https:\/\/grand-ciel.com\/#organization"},"image":{"@id":"https:\/\/grand-ciel.com\/2023-06-01-journee-dechanges-assemblee-generale-2023\/#primaryimage"},"thumbnailUrl":"https:\/\/grand-ciel.com\/wp-content\/uploads\/2023\/08\/AG-23.jpg","articleSection":["Actualit\u00e9s"],"inLanguage":"en-US"},{"@type":"WebPage","@id":"https:\/\/grand-ciel.com\/2023-06-01-journee-dechanges-assemblee-generale-2023\/","url":"https:\/\/grand-ciel.com\/2023-06-01-journee-dechanges-assemblee-generale-2023\/","name":"JOURNEE D'ECHANGES &amp; ASSEMBLEE GENERALE 2023 - Grand CIEL","isPartOf":{"@id":"https:\/\/grand-ciel.com\/#website"},"primaryImageOfPage":{"@id":"https:\/\/grand-ciel.com\/2023-06-01-journee-dechanges-assemblee-generale-2023\/#primaryimage"},"image":{"@id":"https:\/\/grand-ciel.com\/2023-06-01-journee-dechanges-assemblee-generale-2023\/#primaryimage"},"thumbnailUrl":"https:\/\/grand-ciel.com\/wp-content\/uploads\/2023\/08\/AG-23.jpg","datePublished":"2023-06-01T07:55:03+00:00","dateModified":"2023-08-16T09:11:54+00:00","breadcrumb":{"@id":"https:\/\/grand-ciel.com\/2023-06-01-journee-dechanges-assemblee-generale-2023\/#breadcrumb"},"inLanguage":"en-US","potentialAction":[{"@type":"ReadAction","target":["https:\/\/grand-ciel.com\/2023-06-01-journee-dechanges-assemblee-generale-2023\/"]}]},{"@type":"ImageObject","inLanguage":"en-US","@id":"https:\/\/grand-ciel.com\/2023-06-01-journee-dechanges-assemblee-generale-2023\/#primaryimage","url":"https:\/\/grand-ciel.com\/wp-content\/uploads\/2023\/08\/AG-23.jpg","contentUrl":"https:\/\/grand-ciel.com\/wp-content\/uploads\/2023\/08\/AG-23.jpg","width":960,"height":460},{"@type":"BreadcrumbList","@id":"https:\/\/grand-ciel.com\/2023-06-01-journee-dechanges-assemblee-generale-2023\/#breadcrumb","itemListElement":[{"@type":"ListItem","position":1,"name":"Accueil","item":"https:\/\/grand-ciel.com\/en\/home\/"},{"@type":"ListItem","position":2,"name":"JOURNEE D&rsquo;ECHANGES &amp; ASSEMBLEE GENERALE 2023"}]},{"@type":"WebSite","@id":"https:\/\/grand-ciel.com\/#website","url":"https:\/\/grand-ciel.com\/","name":"Grand CIEL","description":"","publisher":{"@id":"https:\/\/grand-ciel.com\/#organization"},"potentialAction":[{"@type":"SearchAction","target":{"@type":"EntryPoint","urlTemplate":"https:\/\/grand-ciel.com\/?s={search_term_string}"},"query-input":{"@type":"PropertyValueSpecification","valueRequired":true,"valueName":"search_term_string"}}],"inLanguage":"en-US"},{"@type":"Organization","@id":"https:\/\/grand-ciel.com\/#organization","name":"Grand CIEL","url":"https:\/\/grand-ciel.com\/","logo":{"@type":"ImageObject","inLanguage":"en-US","@id":"https:\/\/grand-ciel.com\/#\/schema\/logo\/image\/","url":"https:\/\/grand-ciel.com\/wp-content\/uploads\/2023\/05\/logo_Grand_Ciel_orange_fond_bleu_250.jpg","contentUrl":"https:\/\/grand-ciel.com\/wp-content\/uploads\/2023\/05\/logo_Grand_Ciel_orange_fond_bleu_250.jpg","width":250,"height":148,"caption":"Grand CIEL"},"image":{"@id":"https:\/\/grand-ciel.com\/#\/schema\/logo\/image\/"},"sameAs":["https:\/\/www.facebook.com\/grandcielcirque"]},{"@type":"Person","@id":"https:\/\/grand-ciel.com\/#\/schema\/person\/32d02fd0e867821308f7c2c264e550ca","name":"admin-gciel-la","sameAs":["https:\/\/grand-ciel.com"]}]}},"uagb_featured_image_src":{"full":["https:\/\/grand-ciel.com\/wp-content\/uploads\/2023\/08\/AG-23.jpg",960,460,false],"thumbnail":["https:\/\/grand-ciel.com\/wp-content\/uploads\/2023\/08\/AG-23-150x150.jpg",150,150,true],"medium":["https:\/\/grand-ciel.com\/wp-content\/uploads\/2023\/08\/AG-23-480x230.jpg",480,230,true],"medium_large":["https:\/\/grand-ciel.com\/wp-content\/uploads\/2023\/08\/AG-23-768x368.jpg",768,368,true],"large":["https:\/\/grand-ciel.com\/wp-content\/uploads\/2023\/08\/AG-23.jpg",960,460,false],"gs-tiny":["https:\/\/grand-ciel.com\/wp-content\/uploads\/2023\/08\/AG-23.jpg",50,24,false],"xl":["https:\/\/grand-ciel.com\/wp-content\/uploads\/2023\/08\/AG-23.jpg",960,460,false],"xxl":["https:\/\/grand-ciel.com\/wp-content\/uploads\/2023\/08\/AG-23.jpg",960,460,false],"xxxl":["https:\/\/grand-ciel.com\/wp-content\/uploads\/2023\/08\/AG-23.jpg",960,460,false],"xxxxl":["https:\/\/grand-ciel.com\/wp-content\/uploads\/2023\/08\/AG-23.jpg",960,460,false],"xxxxxl":["https:\/\/grand-ciel.com\/wp-content\/uploads\/2023\/08\/AG-23.jpg",960,460,false],"1536x1536":["https:\/\/grand-ciel.com\/wp-content\/uploads\/2023\/08\/AG-23.jpg",960,460,false],"2048x2048":["https:\/\/grand-ciel.com\/wp-content\/uploads\/2023\/08\/AG-23.jpg",960,460,false]},"uagb_author_info":{"display_name":"admin-gciel-la","author_link":"https:\/\/grand-ciel.com\/en\/author\/admin-gciel-la\/"},"uagb_comment_info":0,"uagb_excerpt":"R\u00e9sum\u00e9 de la journ\u00e9e du 25 mai \u00e0 l&#8217;espace chapiteaux de Cirk Eole, \u00e0 Montigny-l\u00e8s-Metz ! Le r\u00e9seau Grand CIEL a convi\u00e9 ses adh\u00e9rent\u00b7e\u00b7s \u00e0 une journ\u00e9e riche en \u00e9changes et ateliers, un temps de croisement des regards et des paroles, suivi de l&#8217;Assembl\u00e9e G\u00e9n\u00e9rale annuelle de l&#8217;association. Lors de la matin\u00e9e de travail au&hellip;","mfb_rest_fields":["title","yoast_head","yoast_head_json","uagb_featured_image_src","uagb_author_info","uagb_comment_info","uagb_excerpt"],"_links":{"self":[{"href":"https:\/\/grand-ciel.com\/en\/wp-json\/wp\/v2\/posts\/1780","targetHints":{"allow":["GET"]}}],"collection":[{"href":"https:\/\/grand-ciel.com\/en\/wp-json\/wp\/v2\/posts"}],"about":[{"href":"https:\/\/grand-ciel.com\/en\/wp-json\/wp\/v2\/types\/post"}],"author":[{"embeddable":true,"href":"https:\/\/grand-ciel.com\/en\/wp-json\/wp\/v2\/users\/1"}],"replies":[{"embeddable":true,"href":"https:\/\/grand-ciel.com\/en\/wp-json\/wp\/v2\/comments?post=1780"}],"version-history":[{"count":2,"href":"https:\/\/grand-ciel.com\/en\/wp-json\/wp\/v2\/posts\/1780\/revisions"}],"predecessor-version":[{"id":1815,"href":"https:\/\/grand-ciel.com\/en\/wp-json\/wp\/v2\/posts\/1780\/revisions\/1815"}],"wp:featuredmedia":[{"embeddable":true,"href":"https:\/\/grand-ciel.com\/en\/wp-json\/wp\/v2\/media\/1816"}],"wp:attachment":[{"href":"https:\/\/grand-ciel.com\/en\/wp-json\/wp\/v2\/media?parent=1780"}],"wp:term":[{"taxonomy":"category","embeddable":true,"href":"https:\/\/grand-ciel.com\/en\/wp-json\/wp\/v2\/categories?post=1780"},{"taxonomy":"post_tag","embeddable":true,"href":"https:\/\/grand-ciel.com\/en\/wp-json\/wp\/v2\/tags?post=1780"}],"curies":[{"name":"wp","href":"https:\/\/api.w.org\/{rel}","templated":true}]}}